{"id":10020,"date":"2020-10-13T22:07:10","date_gmt":"2020-10-13T22:07:10","guid":{"rendered":"http:\/\/bauclassroom.com\/info\/?p=10020"},"modified":"2020-10-04T01:42:50","modified_gmt":"2020-10-04T01:42:50","slug":"rencontre-internationale-de-la-francophonie-economique","status":"publish","type":"post","link":"http:\/\/bauclassroom.com\/info\/2020\/10\/13\/rencontre-internationale-de-la-francophonie-economique\/","title":{"rendered":"Rencontre Internationale De La Francophonie Economique"},"content":{"rendered":"<p>Linitiative Sauvons Saint-Jean pr\u00e9voit plusieurs actions. Premi\u00e8rement, elle appelle toutes les personnes sensibles au sort du Campus \u00e0 envoyer une lettre au premier ministre albertain, Jason Kenney, et \u00e0 Demetrios Nicolaides, ministre de lEnseignement sup\u00e9rieur.   1. Un sentiment dappartenance qui reste \u00e0 construire 47En sus, on peut mentionner lAfrican Growth and Opportunity Act AGOA de 2000 entre les \u00c9tats-Unis dAm\u00e9rique et les pays africains. En se pr\u00e9sentant comme un m\u00e9canisme dinsertion de lAfrique dans l\u00e9conomie mondiale, lAGOA vise \u00e0 densifier les possibilit\u00e9s dimportation de biens en provenance des \u00c9tats-Unis avec des facilit\u00e9s douani\u00e8res qui permettent aux \u00c9tats africains de b\u00e9n\u00e9ficier des r\u00e9ductions que pourraient leur co\u00fbter les tarifs douaniers assez exigeants sur le march\u00e9 am\u00e9ricain. En retour, lAGOA donne la possibilit\u00e9 aux \u00c9tats-Unis de fournir des services et des biens aux pays africains avec des modalit\u00e9s plus faciles et plus favorables \u00e0 la transformation de la structure \u00e9conomique locale, notamment lorsque l\u00c9tat concern\u00e9 est dispos\u00e9 \u00e0 pratiquer le lib\u00e9ralisme \u00e9conomique. Dans ces conditions, on imagine tr\u00e8s mal les \u00c9tats africains accorder une certaine priorit\u00e9 \u00e0 une m\u00e9diation francophone, encore tr\u00e8s peu structur\u00e9e, alors que la r\u00e9alit\u00e9 de leurs situations actuelles les engage \u00e0 maintenir certains cordons financiers assez solides et pertinents.-une formation \u00e0 lart oratoire, par le biais de cours th\u00e9oriques et pratiques dispens\u00e9s par Ma\u00eetres Schnerb et Perrier, dinterventions selon diff\u00e9rents formats rh\u00e9toriques joutes, plaidoiries, debating \u00e0 langlo-saxonne, et de concours face aux clubs de d\u00e9bats parisiens quobservateurs. Le prochain Sommet aura lieu \u00e0 Tunis Tunisie en 2020. Dans <img decoding=\"async\" src=\"http:\/\/www.lions-france.org\/ouest\/maj\/phototheque\/photos\/ouest\/jeunesse\/01-la-baule-1.jpg\" alt=\"rencontre internationale de la francophonie economique\" align=\"left\"> 06.02.2012: Nouvelle vid\u00e9o dun membre de lAFFOI pour les jeunes. 33En outre, en observant un cas comme celui de la RCA, on se rend compte que sa marginalisation \u00e9conomique est le r\u00e9sultat de son instabilit\u00e9 chronique depuis son ind\u00e9pendance Lallau, 2015. La seule volont\u00e9 de la Francophonie ne suffira donc pas \u00e0 mobiliser des op\u00e9rateurs \u00e9conomiques. Dans le cas du Mali, en 2011, le gouvernement fran\u00e7ais a voulu prolonger le financement de la coop\u00e9ration quadripartite apr\u00e8s le succ\u00e8s de la premi\u00e8re phase. Sauf que la crise politique qui est survenue apr\u00e8s le coup d\u00c9tat de 2012 a tout arr\u00eat\u00e9 et a contraint la France \u00e0 sorienter vers le d\u00e9ploiement dune force arm\u00e9e multinationale en 2013 dans le cadre de lOp\u00e9ration Serval 17.07.2013 : Abdou Diouf sentretient avec Ban Ki-moon ministres \u00e9taient pr\u00e9sents-qui sous la pr\u00e9sidence Enfin, le contexte de pand\u00e9mie p\u00e8se sur la lutte contre le VIHsida, qui nest plus consid\u00e9r\u00e9e comme une priorit\u00e9 au Cameroun. Ce constat rejoint celui de lONUSIDA au niveau mondial. Lorganisation a dailleurs alert\u00e9 les Etats sur les effets dramatiques dune rupture des campagnes de pr\u00e9vention, dacc\u00e8s aux soins et aux traitements du VIH. En effet, une perturbation de six mois dans lacc\u00e8s aux antir\u00e9troviraux pourrait entra\u00eener. Du jamais-vu depuis 2008, lorsque 950 000 personnes \u00e9taient mortes du sida dans la r\u00e9gion https:www.mission-internationale.comwp-contentuploads201904CarteMonde-1600.png 795 1600 etamboise https:www.mission-internationale.comwp-contentuploads202006image001.png etamboise 2019-05-02 22:26:56 2019-05-02 22:26:56 March\u00e9 de la francophonie, opportunit\u00e9 pour le d\u00e9veloppement daffaires \u00e0 lexport technologies de linformation et de la communication dans le courant de lann\u00e9e Si on se fie aux \u00e9chos obtenus, cette premi\u00e8re rencontre virtuelle a connu un franc succ\u00e8s. En effet, plus de 94 des participants se sont dits satisfaits du webinaire, 79 se sont d\u00e9clar\u00e9s en faveur de la proposition de lAFNOR et pr\u00e8s 69 ont indiqu\u00e9 vouloir simpliquer dans les travaux de normalisation. Et si vous navez pu vous lib\u00e9rer pour y assister, nous avons pens\u00e9 \u00e0 vous!. <img decoding=\"async\" src=\"http:\/\/www.todofuitbol.cf\/var\/ezflow_site\/storage\/images\/docfr7\/cartes\/economie-et-indicateurs\/c001885-le-commerce-international-suisse-1990-2016\/26146765-1-fre-FR\/Le-commerce-international-suisse-1990-2016_large_carte.jpg\" alt=\"rencontre internationale de la francophonie economique\" align=\"left\"> Ensemble, nous voyons un monde o\u00f9 les gens se rassemblent et passent \u00e0 laction pour apporter un changement durable dans le monde, dans leur communaut\u00e9 et en eux-m\u00eames. Hugon P. 2014, Lint\u00e9gration r\u00e9duit-elle la vuln\u00e9rabilit\u00e9?, Communication au colloque D\u00e9veloppement durable, d\u00e9veloppement vuln\u00e9rable, FERDI, 9 et 10 janvier 2014, disponible sur :, consult\u00e9 le 02022018. LOIF a organis\u00e9 le 27 octobre 2011 un colloque international sur la question des partenariats innovants. En mobilisant de hauts repr\u00e9sentants des principales organisations internationales et r\u00e9gionales ONU, Unesco, Union europ\u00e9enne, Union africaine, Isesco, Secr\u00e9tariat ACP., ainsi que les premiers responsables des coop\u00e9rations bilat\u00e9rales francophones, lOIF cherchait \u00e0 \u00e9tablir les modalit\u00e9s dune plus grande compl\u00e9mentarit\u00e9 avec des acteurs partageant les m\u00eames engagements. <img decoding=\"async\" src=\"http:\/\/forum-americas.org\/wp-content\/uploads\/2017\/05\/Leroux.jpg\" alt=\"rencontre internationale de la francophonie economique\" align=\"center\"> M\u00eame si pour beaucoup, le fran\u00e7ais cest une culture, notre langue commune doit \u00eatre capable d\u00e9voluer pour sadapter aux pays, aux milieux professionnels et aux mentalit\u00e9s. Sappuyant le succ\u00e8s du 1er Cours en Ligne Ouvert et Massif CLOM certifiant lanc\u00e9 en septembre dernier par le CAVILAM Alliance fran\u00e7aise, Olivier Ortiz a d\u00e9montr\u00e9 que lenseignement pr\u00e9sentiel et \u00e0 distance pouvaient faire la paire, en vue d\u00e9laborer un outil francophone accessible \u00e0 tous. La question de la diffusion ne se pose pas seulement en Afrique, au contraire. La baisse des ventes de livres fran\u00e7ais qui traduit une baisse du nombre de francophones dans les pays dits non francophones-30 est particuli\u00e8rement inqui\u00e9tante. Ayant pris la mesure de cet enjeu, le Bureau international de l\u00e9dition fran\u00e7aise BIEF ne va plus dans les grandes foires des pays francophones, mais se concentre sur les pays dits non francophones, en vue dy maintenir ou agrandir le march\u00e9 du livre fran\u00e7ais. Certains pays sont prometteurs pour notre langue : Japon, Cor\u00e9e, Inde, Cambodge, Laos, Birmanie Il convient \u00e9galement d\u00eatre vigilant dans les Balkans et dy maintenir nos positions Croatie, Mac\u00e9doine, Serbie. .<\/p>\n","protected":false},"excerpt":{"rendered":"<p>rencontre internationale de la francophonie economique<\/p>\n","protected":false},"author":1,"featured_media":0,"comment_status":"closed","ping_status":"closed","sticky":false,"template":"","format":"standard","meta":{"footnotes":""},"categories":[1],"tags":[],"_links":{"self":[{"href":"http:\/\/bauclassroom.com\/info\/wp-json\/wp\/v2\/posts\/10020"}],"collection":[{"href":"http:\/\/bauclassroom.com\/info\/wp-json\/wp\/v2\/posts"}],"about":[{"href":"http:\/\/bauclassroom.com\/info\/wp-json\/wp\/v2\/types\/post"}],"author":[{"embeddable":true,"href":"http:\/\/bauclassroom.com\/info\/wp-json\/wp\/v2\/users\/1"}],"replies":[{"embeddable":true,"href":"http:\/\/bauclassroom.com\/info\/wp-json\/wp\/v2\/comments?post=10020"}],"version-history":[{"count":1,"href":"http:\/\/bauclassroom.com\/info\/wp-json\/wp\/v2\/posts\/10020\/revisions"}],"predecessor-version":[{"id":10021,"href":"http:\/\/bauclassroom.com\/info\/wp-json\/wp\/v2\/posts\/10020\/revisions\/10021"}],"wp:attachment":[{"href":"http:\/\/bauclassroom.com\/info\/wp-json\/wp\/v2\/media?parent=10020"}],"wp:term":[{"taxonomy":"category","embeddable":true,"href":"http:\/\/bauclassroom.com\/info\/wp-json\/wp\/v2\/categories?post=10020"},{"taxonomy":"post_tag","embeddable":true,"href":"http:\/\/bauclassroom.com\/info\/wp-json\/wp\/v2\/tags?post=10020"}],"curies":[{"name":"wp","href":"https:\/\/api.w.org\/{rel}","templated":true}]}}