{"id":10118,"date":"2020-10-13T08:25:20","date_gmt":"2020-10-13T08:25:20","guid":{"rendered":"http:\/\/bauclassroom.com\/info\/?p=10118"},"modified":"2020-10-04T04:47:24","modified_gmt":"2020-10-04T04:47:24","slug":"rencontre-entre-sarkozy-et-merkel","status":"publish","type":"post","link":"http:\/\/bauclassroom.com\/info\/2020\/10\/13\/rencontre-entre-sarkozy-et-merkel\/","title":{"rendered":"Rencontre Entre Sarkozy Et Merkel"},"content":{"rendered":"<p>Les propositions des deux dirigeants donnent \u00e0 la construction europ\u00e9enne une dimension encore plus f\u00e9d\u00e9raliste, autoritaire, soumise \u00e0 la finance, hostile aux int\u00e9r\u00eats populaires. Le T\u00e9l\u00e9gramme-Allemagne. Rencontre Merkel-Sarkozy-la cause de la crise, contrairement \u00e0 ce que veut nous vendre Dessertine ou Borloo par exemple, nest pas dans le pas assez deurope car logique un probl\u00e8me ne peut pas avoir pour cause principale quelque chose qui nexiste pas: Si je me fais cambrioler, cest eput-\u00eatre parceque il ny a pas de police mais cest dabord parce que un cambrioleur est entr\u00e9 chez moi! Publi\u00e9 le : 16082011-00:06 Modifi\u00e9 le : 16082011-15:24 En Europe, la transparence est \u00e9galement au c\u0153ur du r\u00e8glement g\u00e9n\u00e9ral sur la protection des donn\u00e9es RGPD qui \u00e9nonce que pour les d\u00e9cisions automatis\u00e9es bas\u00e9es sur des donn\u00e9es personnelles et qui cr\u00e9ent des effets juridiques, les individus ont droit \u00e0 des informations utiles concernant la logique sous-jacente, ainsi que limportance et les cons\u00e9quences pr\u00e9vues de ce traitement. Le deuxi\u00e8me camp consid\u00e8re que lid\u00e9al de transparence na pas de sens car, dune part, les chercheurs sont souvent dans lincapacit\u00e9 de comprendre les r\u00e9sultats produits par des algorithmes sophistiqu\u00e9s r\u00e9seaux de neurones, et dautre part, que rendre transparents les algorithmes menacerait \u00e0 terme les investissements et briserait les secrets. En France, la Commission nationale de linformatique et des libert\u00e9s Cnil a semble-t-il choisi son camp en proposant r\u00e9cemment une plateforme nationale pour auditer les algorithmes. Sur le th\u00e8me de la discrimination ensuite, les d\u00e9bats \u00e9galement sont anim\u00e9s. <img decoding=\"async\" src=\"http:\/\/reveil-fm.com\/images\/Elie4\/dessin-merkozy.jpg\" alt=\"rencontre entre sarkozy et merkel\" align=\"right\">  La premi\u00e8re de ces propositions consiste \u00e0 instaurer dans la zone euro un v\u00e9ritable gouvernement \u00e9conomique de la zone euro. Ce gouvernement \u00e9conomique sera constitu\u00e9 du Conseil des chefs dEtat et de gouvernement. Il se r\u00e9unira deux fois par an, et plus si n\u00e9cessaire, et il \u00e9lira un pr\u00e9sident stable pour deux ans et demi. Mme MERKEL et moi-m\u00eame, nous proposons, sil en est candidat, que ce pr\u00e9sident stable soit M. Herman VAN ROMPUY. Les eurobonds ne seront pas lanc\u00e9s. Ils ne sont en aucun cas une solution \u00e0 la crise, a affirm\u00e9 le chef de lEtat fran\u00e7ais, alors que Paris avait dans un premier temps souhait\u00e9 cette mesure. Vous devez \u00eatre abonn\u00e9 pour r\u00e9diger un commentaire. Et \u00e0 pouvoir les corriger. La chanceli\u00e8re dAllemagne, Angela Merkel, a r\u00e9cemment plaid\u00e9 pour la transparence des algorithmes. Rapatriement au bled. Directement, sans philosophie. Si A. Merkel a re\u00e7u N. Sarkozy au si\u00e8ge du CDU, cest simplement quil nest plus pr\u00e9sident de la r\u00e9publique, mais chef de lUMP. Inutile den faire toute une histoire. Je suis rassur\u00e9e que ces deux l\u00e0 continuent \u00e0 se parler. <img decoding=\"async\" src=\"http:\/\/www.slate.fr\/sites\/default\/files\/styles\/1060x523\/public\/sarko-erdogan.jpg\" alt=\"rencontre entre sarkozy et merkel\" align=\"center\"> Il a \u00e9t\u00e9 sauv\u00e9 par sa fille qui lui aurait envoy\u00e9 un respirateur artificiel.. Je pensais que jallais mourir pour \u00eatre honn\u00eate. Javais une fi\u00e8vre de cheval, mon nez br\u00fblait, ma bouche br\u00fblait, je n\u00e9tais que cela, une immense fi\u00e8vre, a-t-il d\u00e9clar\u00e9 au Sun. <img decoding=\"async\" src=\"http:\/\/static1.purepeople.com\/articles\/0\/15\/82\/00\/@\/1792184-nicolas-sarkozy-jeanclaude-blanc-lors-600x315-1.jpg\" alt=\"rencontre entre sarkozy et merkel\" align=\"right\">  LE PRESIDENT Est-ce que jai lair terroris\u00e9? Je vais vous dire une chose, je viens toujours en Allemagne avec plaisir. Et je vais m\u00eame vous dire une autre chose : jadmire \u00e0 titre personnel la r\u00e9ussite des entreprises allemandes. Jappr\u00e9cie les efforts de mes amis allemands et vous navez jamais entendu un mot de moi pour mettre en cause cela. Je peux m\u00eame vous dire une chose : quand jai fait campagne pour devenir Pr\u00e9sident de la R\u00e9publique, jai expliqu\u00e9 aux Fran\u00e7ais quil fallait travailler davantage et je pensais \u00e0 ce quavaient fait nos amis allemands. Donc, cest toujours un plaisir pour moi de venir, de discuter avec Madame MERKEL. Son porte-parole a refroidi un peu plus les attentes en amont de la rencontre de mardi en d\u00e9clarant que les euro-obligations omnipr\u00e9sentes dans les m\u00e9dias ces jours-ci ne figureraient pas \u00e0 lagenda de la rencontre avec Nicolas Sarkozy. Une information confirm\u00e9e dans la foul\u00e9e \u00e0 Paris par la pr\u00e9sidence de la R\u00e9publique. Pour Berlin, les efforts des Etats membres de la zone euro afin dassainir leurs finances et de respecter le pacte de stabilit\u00e9 constituent la meilleure solution pour surmonter les probl\u00e8mes actuels. Les euro-obligations, ces emprunts qui seraient lanc\u00e9s par lensemble de la zone euro \u00e0 un taux unique ne sont pas \u00e0 lordre du jour. MME ANGELA MERKEL Si je peux encore ajouter un mot et vous dire comment je vois les choses. La situation actuelle montre quil ne sagit pas simplement de faiblesses de tel ou tel pays. Ce que lon attend, cest que lEurope se renouvelle sur le plan des structures, structurellement, et donc notre approche commune, cest que lon coop\u00e8re mieux au niveau des 27. La France a cr\u00e9\u00e9 ce concept de gouvernement \u00e9conomique. Je my suis volontiers associ\u00e9e pour dire : \u00e0 27-pour quil ny ait pas de division au sein de lUnion europ\u00e9enne-nous voulons cr\u00e9er ce gouvernement \u00e9conomique CONFIDENTIEL. La mafia bretonne du gouvernement a men\u00e9 un discret bras de fer en coulisse pour autoriser lacc\u00e8s au littoral d\u00e8s le 11 mai. Parce quune autre personne ou vous est en train de lire Le Monde avec ce compte sur un autre appareil. Sarkozy et Merkel noffriront rien de spectaculaire Sarkozy et Merkel noffriront rien de spectaculaire Necessary cookies are absolutely essential for the website to function properly. This category only includes cookies that ensures basic functionalities and security features of the website. These cookies do not store any personal information. Des morts assassin\u00e9s par les F.O. Dont il va falloir se d\u00e9barrasser et par contre les Anciens de lArm\u00e9e attendent le moment car eux sont des Anciens Militaires qui aiment leur pays contrairement \u00e0 ceux de maintenant qui ne savent que et uniquement que ob\u00e9ir aux ordres!! Ajouter pour personnaliser Voici. Soyez alert\u00e9 \u00e0 chaque nouvelle actu de : Nicolas Sarkozy Avec le coronavirus, nombreux sont ceux qui ont \u00e9t\u00e9 contraints de travailler \u00e0 domicile en Allemagne. Cette solution, pour le moment alternative, va-t-elle devenir la norme? Les mises en garde r\u00e9p\u00e9t\u00e9es de RR et de RL dont nous sommes tous convaincus, nous auditeurs, lecteurs,accompagnateurs, ne serviront \u00e0 rien si  Par cons\u00e9quent aucune solution honn\u00eate et non guerri\u00e8re ne changera d\u00e9sormais rien \u00e0 notre futur.<\/p>\n","protected":false},"excerpt":{"rendered":"<p>rencontre entre sarkozy et merkel<\/p>\n","protected":false},"author":1,"featured_media":0,"comment_status":"closed","ping_status":"closed","sticky":false,"template":"","format":"standard","meta":{"footnotes":""},"categories":[1],"tags":[],"_links":{"self":[{"href":"http:\/\/bauclassroom.com\/info\/wp-json\/wp\/v2\/posts\/10118"}],"collection":[{"href":"http:\/\/bauclassroom.com\/info\/wp-json\/wp\/v2\/posts"}],"about":[{"href":"http:\/\/bauclassroom.com\/info\/wp-json\/wp\/v2\/types\/post"}],"author":[{"embeddable":true,"href":"http:\/\/bauclassroom.com\/info\/wp-json\/wp\/v2\/users\/1"}],"replies":[{"embeddable":true,"href":"http:\/\/bauclassroom.com\/info\/wp-json\/wp\/v2\/comments?post=10118"}],"version-history":[{"count":1,"href":"http:\/\/bauclassroom.com\/info\/wp-json\/wp\/v2\/posts\/10118\/revisions"}],"predecessor-version":[{"id":10119,"href":"http:\/\/bauclassroom.com\/info\/wp-json\/wp\/v2\/posts\/10118\/revisions\/10119"}],"wp:attachment":[{"href":"http:\/\/bauclassroom.com\/info\/wp-json\/wp\/v2\/media?parent=10118"}],"wp:term":[{"taxonomy":"category","embeddable":true,"href":"http:\/\/bauclassroom.com\/info\/wp-json\/wp\/v2\/categories?post=10118"},{"taxonomy":"post_tag","embeddable":true,"href":"http:\/\/bauclassroom.com\/info\/wp-json\/wp\/v2\/tags?post=10118"}],"curies":[{"name":"wp","href":"https:\/\/api.w.org\/{rel}","templated":true}]}}