{"id":10180,"date":"2020-10-13T21:11:45","date_gmt":"2020-10-13T21:11:45","guid":{"rendered":"http:\/\/bauclassroom.com\/info\/?p=10180"},"modified":"2020-10-04T06:24:12","modified_gmt":"2020-10-04T06:24:12","slug":"rencontres-violoncelle-beauvais","status":"publish","type":"post","link":"http:\/\/bauclassroom.com\/info\/2020\/10\/13\/rencontres-violoncelle-beauvais\/","title":{"rendered":"Rencontres Violoncelle Beauvais"},"content":{"rendered":"<p>Moments Musicaux de Chalosse-Trio H\u00e9lios w Eva Zavaro-Schubert, Brahms En 2017, il obtient le deuxi\u00e8me prix au Concours international de la Societa Umanitaria de Milan, et enregistre un disque pour le label Mirare avec ses trois camarades et amis de lEnsemble Messiaen, autour dun programme compos\u00e9 de Court Studies de Thomas Ad\u00e8s et du Quatuor pour la Fin du Temps dOlivier Messiaen. Ce Beauvaisien de 71 ans, qui pr\u00e9side le Groupe de recherches et d\u00e9tudes de la c\u00e9ramique du Beauvaisis GRECB, sint\u00e9resse \u00e0 lhistoire de sa ville. Cest lorsquil pratiquait la profession de g\u00e9ologue quil d\u00e9couvrit ses premi\u00e8res pi\u00e8ces en c\u00e9ramique. D\u00e8s ce moment, il na cess\u00e9 de les \u00e9tudier: il les photographie, consulte les archives et, petit \u00e0 petit, reconstitue lhistoire de lobjet et de son propri\u00e9taire. Depuis quil est \u00e0 la retraite, il a r\u00e9dig\u00e9 plusieurs livres sur ce sujet, notamment sur la c\u00e9ramique du Beauvaisis, de lOise, ainsi quun ouvrage qui dresse linventaire du mus\u00e9e d\u00e9partemental de Beauvais. Litt\u00e9rature Roger Wallet Forte de vingt-cinq ann\u00e9es dexp\u00e9rience, Colette Beskid, 58 ans, na rien \u00e0 prouver dans le monde de la librairie. Depuis cinq ans, elle met son savoir-faire au service de lUnivers du livre, une librairie tr\u00e8s courue qui fait partie du groupe Gibert Joseph. Les clients sont nombreux, mais le manque despace se fait sentir. Un handicap r\u00e9gl\u00e9, puisque lUnivers vient dacqu\u00e9rir de nouveaux locaux dans lenceinte du magasin Nouvelles Galeries, en plein c?ur de Beauvais. Le d\u00e9m\u00e9nagement est pr\u00e9vu pour lan prochain. De quoi doubler la surface de vente, am\u00e9liorer la pr\u00e9sentation des articles, avec, \u00e0 la clef, laugmentation annonc\u00e9e du chiffre daffaires. Arts plastiques Vincent Bouba Fr\u00e9d\u00e9ric Chopin : Sonate pour violoncelle et piano : Largo <img decoding=\"async\" src=\"http:\/\/img.musiquemag.fr\/datas\/artiste\/r\/i\/rihanna\/xl\/rihanna-photo-50322eda79c2f.jpg\" alt=\"rencontres violoncelle beauvais\" align=\"right\"> independant sk et ches, th e quartet h avi ng su pervised together..   Jean-Philippe Dambreville les \u00e9l\u00e8ves et les professeurs du Conservatoire \u00e0 rayonnement d\u00e9partemental, vont entrelacer musique dhier et daujourdhui au cours dune rencontre \u00e0 la Maladrerie Saint-Lazare de Beauvais. Une Europe de la civilisation qui assume et dfend son histoire, son iden tit et ses valeurs. Une Europe des frontires, pour protger son territoire. Enfin, une action plus rapide, plus dmocratique, respectueuse des citoyens ainsi que des nations. Ce que jaime \u00e0 Beauvais : Paris \u00e0 une heure en voiture. <img decoding=\"async\" src=\"http:\/\/www.setpcookies.ga\/uploads\/Externe\/6f\/THUMBCULTURE_AGE_IMAGE_25845_1523615110.jpg\" alt=\"rencontres violoncelle beauvais\" align=\"left\"> Violoncelliste-Fr\u00e9d\u00e9ric Gu\u00e9rouet Accord\u00e9oniste-Violoncelliste-Compositeur  <img decoding=\"async\" src=\"http:\/\/www.francefestivals.com\/thumb\/cache\/c4476aa1a5d9dc95733268b1a5b485fc\/121303\/imagefest_fichier_fr_sylf.12.par.sylf.copyright.ensemble.sylf.jpg\" alt=\"rencontres violoncelle beauvais\" align=\"right\"> Cette importante \u0153uvre du XX e si\u00e8cle a \u00e9t\u00e9 chant\u00e9e dans son 2003 Sable \u00c9mouvant, composition de la musique du film r\u00e9alis\u00e9 par Philippe Baylaucq Productions La F\u00eate En 1993 il entre au CNSMD de Paris dans les classes de Jean-Marie Gamard et Jean Mouill\u00e8re. Il obtient un premier prix de violoncelle et un premier prix \u00e0 lunanimit\u00e9, premier nomm\u00e9 de musique de chambre au sein du quatuor Kinsky avec lequel il remportera aussi le prix du Forum International de Normandie et le sixi\u00e8me prix FNAPEC-samedi 8 d\u00e9cembre: concert \u00e0 l\u00e9glise Sainte-Maxence de Pont-Ste Maxence, piano, harpe et fl\u00fbte Il milite pour un accueil des migrants avec dignit et dans le respect de leurs droits. Viennent ensuite la taxation du kro sne lourd, la reconnaissance des ressources naturelles comme entits morales, et une taxe sur les transac tions financires internationales. Il est invit\u00e9 en tant que chambriste par le Festival de Prades, lOrangerie de Sceaux, le Th\u00e9\u00e2tre des Champs-Elys\u00e9es, le Festival du Vexin, les Rencontres de violoncelles de Callian, le festival de Besan\u00e7on.<\/p>\n","protected":false},"excerpt":{"rendered":"<p>rencontres violoncelle beauvais<\/p>\n","protected":false},"author":1,"featured_media":0,"comment_status":"closed","ping_status":"closed","sticky":false,"template":"","format":"standard","meta":{"footnotes":""},"categories":[1],"tags":[],"_links":{"self":[{"href":"http:\/\/bauclassroom.com\/info\/wp-json\/wp\/v2\/posts\/10180"}],"collection":[{"href":"http:\/\/bauclassroom.com\/info\/wp-json\/wp\/v2\/posts"}],"about":[{"href":"http:\/\/bauclassroom.com\/info\/wp-json\/wp\/v2\/types\/post"}],"author":[{"embeddable":true,"href":"http:\/\/bauclassroom.com\/info\/wp-json\/wp\/v2\/users\/1"}],"replies":[{"embeddable":true,"href":"http:\/\/bauclassroom.com\/info\/wp-json\/wp\/v2\/comments?post=10180"}],"version-history":[{"count":1,"href":"http:\/\/bauclassroom.com\/info\/wp-json\/wp\/v2\/posts\/10180\/revisions"}],"predecessor-version":[{"id":10181,"href":"http:\/\/bauclassroom.com\/info\/wp-json\/wp\/v2\/posts\/10180\/revisions\/10181"}],"wp:attachment":[{"href":"http:\/\/bauclassroom.com\/info\/wp-json\/wp\/v2\/media?parent=10180"}],"wp:term":[{"taxonomy":"category","embeddable":true,"href":"http:\/\/bauclassroom.com\/info\/wp-json\/wp\/v2\/categories?post=10180"},{"taxonomy":"post_tag","embeddable":true,"href":"http:\/\/bauclassroom.com\/info\/wp-json\/wp\/v2\/tags?post=10180"}],"curies":[{"name":"wp","href":"https:\/\/api.w.org\/{rel}","templated":true}]}}