{"id":10344,"date":"2020-10-13T17:14:36","date_gmt":"2020-10-13T17:14:36","guid":{"rendered":"http:\/\/bauclassroom.com\/info\/?p=10344"},"modified":"2020-10-04T10:57:59","modified_gmt":"2020-10-04T10:57:59","slug":"rencontre-rabat-maroc","status":"publish","type":"post","link":"http:\/\/bauclassroom.com\/info\/2020\/10\/13\/rencontre-rabat-maroc\/","title":{"rendered":"Rencontre Rabat Maroc"},"content":{"rendered":"<p> <img decoding=\"async\" src=\"http:\/\/upload.wikimedia.org\/wikipedia\/commons\/3\/34\/Soldatenfriedhof_76639_in_A-7000_Eisenstadt.jpg\" alt=\"rencontre rabat maroc\" align=\"right\"> D\u00e9put\u00e9 des Fran\u00e7ais \u00e0 l\u00e9tranger, MJid El Guerrab LREM a interpell\u00e9 mardi le gouvernement. Parce quune grande majorit\u00e9 dentre eux sont des binationaux, ils ont le sentiment d\u00eatre oubli\u00e9s, que la France leur tourne le dos a t-il dit au ministre des Affaires \u00e9trang\u00e8res. Jean-Yves Le Drian lui a r\u00e9pondu navoir pu faire revenir que 30.000 de nos ressortissants du Maroc par d\u00e9rogation, au vol par vol. Nous sommes mobilis\u00e9s pour doubler le nombre de fr\u00e9quence pour les pays du Maghreb. Le ministre a rejet\u00e9 cette situation sur les contraintes sanitaires de ces pays-l\u00e0. Hassan El-Fatni est h\u00e9berg\u00e9 chez des amis, de Rabat \u00e0 Casablanca. \u00c0 Marseille, sa femme et ses enfants lattendent. <img decoding=\"async\" src=\"http:\/\/maliactu.info\/wp-content\/uploads\/2017\/10\/keita-aminata-maiga-ong-agir-premiere-dame-malienne-conference-islamique-ministre-environnement-maroc.jpg\" alt=\"rencontre rabat maroc\" align=\"left\"> Lautre \u00e9v\u00e8nement annonc\u00e9 par Nasser Bourita, qui confirme une information r\u00e9v\u00e9l\u00e9e par Telquel.ma, cest la visite officielle dEmmanuel Macron en 2018 \u00e0 linvitation du roi Mohammed VI. Laccompagnement spirituel de s\u0153ur Pascale Bonef qui vit au Maroc depuis des ann\u00e9es ; B\u00e9ni Mellal : Apr\u00e8s la rude \u00e9preuve de confinement, un retour progressif \u00e0 la normale Meghan Markle et le prince Harry \u00e0 la rencontre de Mohammed VI : cette absence qui intrigue-Gala : Ministre de la Sant\u00e9 et de lAction Sociale, Gouvernement du S\u00e9n\u00e9gal  Parmi les noyaux atomiques instables, on pensait que loxyg\u00e8ne-28 pouvait pr\u00e9senter des caract\u00e9ristiques particuli\u00e8res conf\u00e9r\u00e9es par son nombre magique de protons et de neutrons. Gr\u00e2ce \u00e0 des observations sur le noyau voisin de fluor-28, une \u00e9quipe internationale a montr\u00e9 quil nen est rien. Les boissons, pourboires aux guides et chauffeurs, frais personnels, dons ; Il y pr\u00e9sente deux travers, une appel de lymphocytes organisatrice ainsi commercial une personnes pour analyser en quaker. Demande une marocaine souhaite rencontre. Une Marocaine lue plus belle femme dIsral Rencontre RABAT Maroc-Clibataires: chamonixe, loreena, ilelle, Je suis un jeun Marocain.  Vous d\u00e9sirez vendre ou acheter alors d\u00e9posez vos annonces gratuites rencontres \u00e9venements Rabat et touchez de suite un large public 60. Les deux parties conviennent de renforcer leur coop\u00e9ration dans les domaines des droits des femmes, de la famille, de lenfance, du d\u00e9veloppement social, de lint\u00e9gration sociale des personnes en situation de handicap et de la Formation, de la n\u00e9cessit\u00e9 de consolider et \u00e9largir ces \u00e9changes et conviennent dentreprendre des actions communes d\u00e9changes dexp\u00e9rience, dexpertise et de bonnes pratiques. Pierre Herm\u00e9 Paris \u00e0 La Mamounia offre d\u00e9sormais une exp\u00e9rience exceptionnelle : une p\u00e2tisserie \u00e0 Marrakech sans pareil, au c\u0153ur de l. Le raffinement des lieux est \u00e0 la hauteur des cr\u00e9ations de Pierre Herm\u00e9 : franchissez le seuil de la p\u00e2tisserie, et votre regard se posera instantan\u00e9ment sur la collection de macarons, les bonbons chocolat, ou encore les p\u00e2tisseries iconiques de la Maison Pierre Herm\u00e9 tels lIspahan ou encore le 2000 feuilles. Le choix est d\u00e9j\u00e0 un pur moment de gourmandise! Une exp\u00e9rience \u00e0 prolonger chez vous, ou \u00e0 savourer dans nos restaurants et au Menzeh \u00e0 Marrakech. Annexe I :Angle Michlifen et Bou Iblane, Agdal 10000 Rabat Lust auf mehr Bewegung? Radeln Sie sich fit und machen Sie mit beim neuen Rad-wettbewerb im RADLand Nieder\u00f6sterreich. Auch das Pielachtal startet aktiv in den Fr\u00fchling und radelt von Anfang an mit. Seien Sie dabei, wenn ganz Nieder\u00f6sterreich radelt! Machen auch Sie f\u00fcr die Pielachtal Gemeinden mit. Treten Sie flei\u00dfig in die Pedale und Coronavirus au Maroc: le bilan 12 Jun 2020, 8:20 AM GMT Salons de coiffure apr\u00e8s lassouplissement du confinement \u00e0 Sefrou Pr\u00e9sentation des Lettres de Cr\u00e9ances de M.Mohamed Ben Ayed, Ambassadeur de la R\u00e9publique Tunisienne \u00e0 Rabat, \u00e0 S.M. Le Roi Mohamed VI, le 24 ao\u00fbt 2018. Le Gouverneur de la r\u00e9gion a remerci\u00e9 les participants pour leur franchise et a promis que justice sera faite. <img decoding=\"async\" src=\"http:\/\/www.alainamiel.com\/VOYAGES\/rabat\/rabatweb\/Rabatw0039.JPG\" alt=\"rencontre rabat maroc\" align=\"left\"> Si vous avez dautres id\u00e9es pour am\u00e9liorer le site et son contenu.. Cette adresse e-mail est prot\u00e9g\u00e9e contre les robots spammeurs. Vous devez activer le JavaScript pour la visualiser! SAVE THE DATE! L\u00c9DITION 2020 SE TIENDRA AU TOGO ET AU B\u00c9NIN DU 13 AU 15 OCTOBRE! Sincrire \u00e0 la newsletter :.<\/p>\n","protected":false},"excerpt":{"rendered":"<p>rencontre rabat maroc<\/p>\n","protected":false},"author":1,"featured_media":0,"comment_status":"closed","ping_status":"closed","sticky":false,"template":"","format":"standard","meta":{"footnotes":""},"categories":[1],"tags":[],"_links":{"self":[{"href":"http:\/\/bauclassroom.com\/info\/wp-json\/wp\/v2\/posts\/10344"}],"collection":[{"href":"http:\/\/bauclassroom.com\/info\/wp-json\/wp\/v2\/posts"}],"about":[{"href":"http:\/\/bauclassroom.com\/info\/wp-json\/wp\/v2\/types\/post"}],"author":[{"embeddable":true,"href":"http:\/\/bauclassroom.com\/info\/wp-json\/wp\/v2\/users\/1"}],"replies":[{"embeddable":true,"href":"http:\/\/bauclassroom.com\/info\/wp-json\/wp\/v2\/comments?post=10344"}],"version-history":[{"count":1,"href":"http:\/\/bauclassroom.com\/info\/wp-json\/wp\/v2\/posts\/10344\/revisions"}],"predecessor-version":[{"id":10345,"href":"http:\/\/bauclassroom.com\/info\/wp-json\/wp\/v2\/posts\/10344\/revisions\/10345"}],"wp:attachment":[{"href":"http:\/\/bauclassroom.com\/info\/wp-json\/wp\/v2\/media?parent=10344"}],"wp:term":[{"taxonomy":"category","embeddable":true,"href":"http:\/\/bauclassroom.com\/info\/wp-json\/wp\/v2\/categories?post=10344"},{"taxonomy":"post_tag","embeddable":true,"href":"http:\/\/bauclassroom.com\/info\/wp-json\/wp\/v2\/tags?post=10344"}],"curies":[{"name":"wp","href":"https:\/\/api.w.org\/{rel}","templated":true}]}}