{"id":10382,"date":"2020-10-13T23:38:57","date_gmt":"2020-10-13T23:38:57","guid":{"rendered":"http:\/\/bauclassroom.com\/info\/?p=10382"},"modified":"2020-10-04T11:57:26","modified_gmt":"2020-10-04T11:57:26","slug":"rencontre-football-france-portugal","status":"publish","type":"post","link":"http:\/\/bauclassroom.com\/info\/2020\/10\/13\/rencontre-football-france-portugal\/","title":{"rendered":"Rencontre Football France Portugal"},"content":{"rendered":"<p>Pour la deuxi\u00e8me fois de son histoire, la France est d\u00e9sign\u00e9e pour organiser le tournoi. Les bleus se distinguent gr\u00e2ce \u00e0 3 victoires dans le groupe A et se qualifient pour les demi-finales. Le Portugal est le prochain adversaires des tricolores. Le match se d\u00e9roule au Stade V\u00e9lodrome \u00e0 Marseille et la France lemporte 3-2, apr\u00e8s prolongation sur un but de Michel Platini, \u00e0 la 119e minute. En finale, la France dispose de lEspagne, 2-0, et gagne ainsi son premier troph\u00e9e. EURO 1988-RFA <img decoding=\"async\" src=\"http:\/\/www.stadiumguide.com\/wp-content\/gallery\/alvalade\/alvalade1.jpg\" alt=\"rencontre football france portugal\" align=\"right\"> Le confinement devrait provoquer une baisse des \u00e9missions de CO2 span idmce_marker data-mce-typebookmark?span Hommage \u00e0 Pape Diouf : Le Vestiaire avec Pape Diouf Votre mot de passe doit comporter au moins 6 caract\u00e8res, sans espace. Nouveau mot de passe Foot: le championnat portugais reprendra le 4 juin 1 re rencontre officielle contre une \u00e9quipe asiatique. Le Paris FC change totalement son visage. Exit la mauvaise saison 2019-2020 en Ligue 2 17e. Le club parisien a fait partir une vingtaine de joueurs il y a une semaine. Il se montre tout aussi actif dans le sens inverse. Le club du pr\u00e9sident Ferracci  Du coup, des joueurs ont des origines fran\u00e7aises et portugaises. La S\u00fcperLig turque, qui avait \u00e9t\u00e9 le dernier championnat majeur \u00e0 sinterrompre en Europe, en mars dernier, va \u00eatre relanc\u00e9e ce vendredi soir Jo\u00e3o Felix a marqu\u00e9 ce mardi soir face \u00e0 Majorque son deuxi\u00e8me but officiel sous les couleurs de l Atl\u00e9tico Madrid lors dun match comptant pour la sixi\u00e8me journ\u00e9e du championnat Espagnol. Douglas Costa a marqu\u00e9 le premier but des Colchoneros et le Portugais \u00e0 ensuite alourdit la marque \u00e0 la 64\u00e9 minute avec beaucoup de r\u00e9ussite <img decoding=\"async\" src=\"http:\/\/www.faw.cymru\/files\/2814\/7263\/8193\/brains.png\" alt=\"rencontre football france portugal\" align=\"center\">  Les ultras europ\u00e9ens sunissent contre la reprise des matchs \u00e0 huis clos 47: Le pire dans tout \u00e7a, cest quon sent que les Bleus nont aucune solution pour faire d\u00e9jouer cette solide d\u00e9fense. Pas did\u00e9es, pas de plan de jeu, on dirait les Bleus contre le P\u00e9rou au Mondial en Russie. 15H : Coup denvoi Barragiste vs France Groupe F, Euro 2020 13: Pouhhhhhh cette passe de 30 m\u00e8tres!!Branquinho simpose contre Vincent G\u00e9rard sur le bord de la touche et capte la balle comme un quarterback avant de terminer dans le but vide. Cest la plus belle action de ce d\u00e9but de match. Bilan des confrontations de la contre la S\u00e9lection FIFA Les adversaires et le calendrier de l\u00e9quipe de France \u00e0 lEuro 12 juin-12 juillet sont connus. Plac\u00e9s dans, les champions du monde d\u00e9buteront leur tournoi face \u00e0 lAllemagne, le mardi 16 juin 2020, \u00e0 21h \u00e0 lAllianz Arena de Munich. \u00c7a demandera \u00e9videmment \u00e0 l\u00e9quipe de France d\u00eatre pr\u00eate toute de suite. LAllemagne aura cet avantage de jouer \u00e0 domicile, a dores et d\u00e9j\u00e0 pr\u00e9venu. Gon\u00e7alo Paciencia est lattaquant Portugais du moment, en plus davoir inscrit un doubl\u00e9 en 17 minutes, il a \u00e9t\u00e9 \u00e9lu MVP lors de la victoire de l Eintracht Franckfurt 3-0 face \u00e0 Leverkusen ce vendredi soir. Snob\u00e9 en \u00c9quipe Nationale, lavant-centre form\u00e9 au FC Porto en est pourtant \u00e0 8 buts en 16 rencontres officielles sous ses nouvelles couleurs.  Apr\u00e8s lAllemagne, le Portugal et lEspagne, hier, cest en Italie que le football va pouvoir reprendre ses droits, aujourdhui, plus de trois mois apr\u00e8s linterruption des comp\u00e9titions <img decoding=\"async\" src=\"http:\/\/www.footmercato.net\/images\/a\/dimitri-payet-et-didier-deschamps-lors-de-la-rencontre-entre-la-france-et-le-portugal-en-finale-de-l-euro-2016_219282.jpg\" alt=\"rencontre football france portugal\" align=\"center\"> Le 230520 \u00e0 15h15 Petit changement de date pour la Liga Nos : la reprise du championnat portugais aura lieu le 3 juin. Le match Portimonense Gil Vicente ouvrira le bal, \u00e0 19h et \u00e0 huis-clos. You can email the site owner to let them know you were blocked. Please include what you were doing when this page came up and the Cloudflare Ray ID found at the bottom of this page. L\u00e9o Dubois sest exprim\u00e9 sur la pr\u00e9paration diff\u00e9renci\u00e9e entre lOL et la Juventus pour le huiti\u00e8mes de finale retour de Ligue des Champions.<\/p>\n","protected":false},"excerpt":{"rendered":"<p>rencontre football france portugal<\/p>\n","protected":false},"author":1,"featured_media":0,"comment_status":"closed","ping_status":"closed","sticky":false,"template":"","format":"standard","meta":{"footnotes":""},"categories":[1],"tags":[],"_links":{"self":[{"href":"http:\/\/bauclassroom.com\/info\/wp-json\/wp\/v2\/posts\/10382"}],"collection":[{"href":"http:\/\/bauclassroom.com\/info\/wp-json\/wp\/v2\/posts"}],"about":[{"href":"http:\/\/bauclassroom.com\/info\/wp-json\/wp\/v2\/types\/post"}],"author":[{"embeddable":true,"href":"http:\/\/bauclassroom.com\/info\/wp-json\/wp\/v2\/users\/1"}],"replies":[{"embeddable":true,"href":"http:\/\/bauclassroom.com\/info\/wp-json\/wp\/v2\/comments?post=10382"}],"version-history":[{"count":1,"href":"http:\/\/bauclassroom.com\/info\/wp-json\/wp\/v2\/posts\/10382\/revisions"}],"predecessor-version":[{"id":10383,"href":"http:\/\/bauclassroom.com\/info\/wp-json\/wp\/v2\/posts\/10382\/revisions\/10383"}],"wp:attachment":[{"href":"http:\/\/bauclassroom.com\/info\/wp-json\/wp\/v2\/media?parent=10382"}],"wp:term":[{"taxonomy":"category","embeddable":true,"href":"http:\/\/bauclassroom.com\/info\/wp-json\/wp\/v2\/categories?post=10382"},{"taxonomy":"post_tag","embeddable":true,"href":"http:\/\/bauclassroom.com\/info\/wp-json\/wp\/v2\/tags?post=10382"}],"curies":[{"name":"wp","href":"https:\/\/api.w.org\/{rel}","templated":true}]}}