{"id":10384,"date":"2020-10-13T14:18:28","date_gmt":"2020-10-13T14:18:28","guid":{"rendered":"http:\/\/bauclassroom.com\/info\/?p=10384"},"modified":"2020-10-04T11:58:14","modified_gmt":"2020-10-04T11:58:14","slug":"rencontres-d-averroes-marseille-2009","status":"publish","type":"post","link":"http:\/\/bauclassroom.com\/info\/2020\/10\/13\/rencontres-d-averroes-marseille-2009\/","title":{"rendered":"Rencontres D Averroes Marseille 2009"},"content":{"rendered":"<p>  28 Thierry Fabre, \u00e9ditorial de La Pens\u00e9e de midi, 2001, 56. Publique, cet \u00e9cart \u00e9tant justifi\u00e9, par MP 2013, par la vo travail de collaboration entre les diff\u00e9rents acteurs de la programmation. Pour autant, son impact en En 1994, alors quil est encore charg\u00e9 de communication \u00e0 lInstitut du monde arabe, Thierry Fabre installe \u00e0 Marseille les Rencontres dAverro\u00e8s. Mais ce projet nest pour lui que lamorce de quelque chose de plus ambitieux : accomplir la vocation de Marseille \u00e0 \u00eatre une capitale culturelle de la M\u00e9diterran\u00e9e. Avec le grand soutien du d\u00e9partement des affaires internationales, du minist\u00e8re de la Culture, surtout de la Commission europ\u00e9enne, il aurait dispos\u00e9 dun accord de financement de quatre millions de francs. C\u00e9tait trop t\u00f4t : On ma balad\u00e9 pendant six mois pour me dire quon nen voulait pas. <img decoding=\"async\" src=\"http:\/\/www.question.benefitconnect.net\/wp-content\/uploads\/2017\/03\/Equipe-Oxygene_illustrations-03.png\" alt=\"rencontres d averroes marseille 2009\" align=\"left\"> Vous pouvez d\u00e9sormais consulter le nouveau site du Minist\u00e8re de la Ville. La troisi\u00e8me table ronde sinscrivait dans une perspective politique. Thierry Fabre, animateur du d\u00e9bat, apr\u00e8s avoir fait entendre un extrait de Zone, le dernier livre de Mathias Enard, interrogea ce dernier sur sa vision de la M\u00e9diterran\u00e9e. Espace interm\u00e9diaire ou vaste cimeti\u00e8re? Non, ce nest pas uniquement un vaste cimeti\u00e8re, r\u00e9pond l\u00e9crivain. Dans Zone, je mattache \u00e0 montrer que la M\u00e9diterran\u00e9e a non seulement \u00e9t\u00e9 un lieu d\u00e9change et de partage, mais aussi et depuis tr\u00e8s longtemps, un lieu daffrontement. La M\u00e9diterran\u00e9e ne ferait donc plus r\u00eaver? Cest justement parce quelle fait r\u00eaver quil ne faut pas oublier quelle est parfois un cauchemar. N 86 du 5 mai 2000, et 4 C-5-04, n 112 du 13 juillet 2004 Une pr\u00e9sence que Farhad Khoskokavar, sociologue iranien, a d\u00e9cel\u00e9e chez les combattants jihadistes ou dans la figure du martyre dans sa dimension sacr\u00e9e et non religieuse : Bernard Jacquier-Pour nous le ma\u00eetre mot est le dialogue, le partage dexp\u00e9rience et lenvie de faire ensemble. Nous avons \u00e9labor\u00e9 une Charte Averro\u00e8s, qui sera prochainement sign\u00e9e par tous les partenaires de linternationalisation pour marquer lenvie de construire une histoire commune, dans la continuit\u00e9 de lesprit des Rencontres dAverro\u00e8s. John John de Brillante Mendoza suivie dune rencontre avec le P\u00e8re Persival Renoda Marseille vue par 100 photographes du monde, commissaire dexposition Antoine dAgata, Biblioth\u00e8que D\u00e9partementale des Bouches-du-Rh\u00f4ne en partenariat avec lAtelier de Visu, Marseille, France 2012. A lexception des exercices 2007 et 2008, elles repr\u00e9sentent entre 26 Conversation alg\u00e9roise Jardin dessai, Galerie Le Ch\u00e2teau dEau, Toulouse, France Ce d\u00e9bat veut contribuer \u00e0 arracher le voile de la modernit\u00e9 et de la raison, et de l Europe pour faire appara\u00eetre la volont\u00e9 de puissance pure derri\u00e8re une affirmation unilat\u00e9rale dune invention europ\u00e9enne de la modernit\u00e9. Soir\u00e9e Cuba en partenariat avec lUPOP, Actes Sud Librairie et cin\u00e9mas <img decoding=\"async\" src=\"http:\/\/s-www.ledauphine.com\/images\/E25F8C08-1C54-4421-B057-403FC642931E\/LDL_V0_06\/zebda-le-14-decembre-au-grand-angle-de-voiron-le-groupe-toulousain-avait-fait-tomber-la-chemise-a-des-milliers-de-fans-avant-de-laisser-tomber-un-temps-son-aventure-commune-huit-ans-de-parenthese-pour-combler-des-envies-d-ailleurs-avant-de-revenir-en-debut-d-annee-dans-le-sillage-d-un-nouveau-disque-second-tour-un-ete-sur-tous-les-festivals-dont-les-rencontres-brel-a-saint-pierre-de-chartreuse-pour-chauffer-les-foules-(et-enregistrer-un-live-deja-disponible-)-avant-de-se-payer-encore-une-bonne-tranche-de-tournee-motives-motives-ils-sont-restes-motives-au-grand-angle-de-voiron-le-vendredi-14-decembre-a-20-heures-(photo-dl-archives).jpg\" alt=\"rencontres d averroes marseille 2009\" align=\"center\">  <img decoding=\"async\" src=\"http:\/\/www.marseille-liban.com\/wp-content\/uploads\/2010\/11\/RABIH-ABOU-KHALIL-affiche.jpg\" alt=\"rencontres d averroes marseille 2009\" align=\"left\"> a densifi\u00e9 une information d\u00e9j\u00e0 abondante et peu lisible.<\/p>\n","protected":false},"excerpt":{"rendered":"<p>rencontres d averroes marseille 2009<\/p>\n","protected":false},"author":1,"featured_media":0,"comment_status":"closed","ping_status":"closed","sticky":false,"template":"","format":"standard","meta":{"footnotes":""},"categories":[1],"tags":[],"_links":{"self":[{"href":"http:\/\/bauclassroom.com\/info\/wp-json\/wp\/v2\/posts\/10384"}],"collection":[{"href":"http:\/\/bauclassroom.com\/info\/wp-json\/wp\/v2\/posts"}],"about":[{"href":"http:\/\/bauclassroom.com\/info\/wp-json\/wp\/v2\/types\/post"}],"author":[{"embeddable":true,"href":"http:\/\/bauclassroom.com\/info\/wp-json\/wp\/v2\/users\/1"}],"replies":[{"embeddable":true,"href":"http:\/\/bauclassroom.com\/info\/wp-json\/wp\/v2\/comments?post=10384"}],"version-history":[{"count":1,"href":"http:\/\/bauclassroom.com\/info\/wp-json\/wp\/v2\/posts\/10384\/revisions"}],"predecessor-version":[{"id":10385,"href":"http:\/\/bauclassroom.com\/info\/wp-json\/wp\/v2\/posts\/10384\/revisions\/10385"}],"wp:attachment":[{"href":"http:\/\/bauclassroom.com\/info\/wp-json\/wp\/v2\/media?parent=10384"}],"wp:term":[{"taxonomy":"category","embeddable":true,"href":"http:\/\/bauclassroom.com\/info\/wp-json\/wp\/v2\/categories?post=10384"},{"taxonomy":"post_tag","embeddable":true,"href":"http:\/\/bauclassroom.com\/info\/wp-json\/wp\/v2\/tags?post=10384"}],"curies":[{"name":"wp","href":"https:\/\/api.w.org\/{rel}","templated":true}]}}