{"id":10388,"date":"2020-10-13T17:10:04","date_gmt":"2020-10-13T17:10:04","guid":{"rendered":"http:\/\/bauclassroom.com\/info\/?p=10388"},"modified":"2020-10-04T11:59:33","modified_gmt":"2020-10-04T11:59:33","slug":"les-rencontres-professionnelles-de-danses-geneve","status":"publish","type":"post","link":"http:\/\/bauclassroom.com\/info\/2020\/10\/13\/les-rencontres-professionnelles-de-danses-geneve\/","title":{"rendered":"Les Rencontres Professionnelles De Danses Gen\u00e8ve"},"content":{"rendered":"<p>Plus de 328163 tests ont \u00e9t\u00e9 effectu\u00e9s pour le SARS-CoV-2, virus du COVID-19, dont 11 \u00e9taient positifs plusieurs tests positifs ou n\u00e9gatifs sont possibles chez la m\u00eame personne. Lincidence se monte \u00e0 355 cas pour 100000 habitants, pr\u00e9cise lOFSP. Le nombre de cas est soumis \u00e0 des fluctuations hebdomadaires.  <img decoding=\"async\" src=\"http:\/\/fetedeladanse.ch\/media\/ul\/slideshow\/images\/16-Dereglements-JulienBenhamou.jpg.632x356_q85_crop_upscale.jpg\" alt=\"les rencontres professionnelles de danses gen\u00e8ve\" align=\"center\"> En fait, jai eu mon premier engagement quand je suis arriv\u00e9 au BJG : la saison commen\u00e7ait au mois dao\u00fbt, et au mois de septembre, jai eu un contrat avec le Grand Th\u00e9\u00e2tre de Gen\u00e8ve pour reprendre un r\u00f4le dans Casse Noisette de Benjamin Millepied lors des tourn\u00e9es de lautomne-It cracks! Slowly pushing its head out. Crawling out, one leg at a time. Feeling the warmth of the sun, the freshness of the air and experiencing freedom at last. The monarch butterfly has emerged. Unique, nouveau nom dentreprise, Associations, Fondations, Etc. Patrice Delay, codirecteur de lEcole de Danse de Gen\u00e8ve, \u00e9tait membre du jury. Le support regroupe pour lheure cinq premi\u00e8res entit\u00e9s: Action intermittence, la F\u00e9d\u00e9ration genevoise des musiques de cr\u00e9ation FGMC, les Rencontres professionnelles de la danse Gen\u00e8ve RP, lAropa Association romande de la production audiovisuelle et le Garage Groupe daction pour la r\u00e9mun\u00e9ration des artistes \u00e0 Gen\u00e8ve. Dautres associations ou regroupements, \u00e0 linstar de La culture lutte, Ressources urbaines ou diff\u00e9rentes compagnies de th\u00e9\u00e2tre, ont manifest\u00e9 leur int\u00e9r\u00eat mais doivent encore convoquer une assembl\u00e9e. Aujourdhui, nous faisons notre coming out apr\u00e8s trois ans de travail, sourit Fabienne Abramovich. Le processus est lanc\u00e9 et se poursuivra durant lann\u00e9e 2020. Quel est lales villes ou vous exercez votre pratique profesionelle? Which city is your professional base? Gen\u00e8ve Tous danseurs est une conversation avec un acteur de la danse daujourdhui et de demain, de TOUTES les danses. An explorer in the soul, Jo\u00eblle has been on a deep journey towards harmony. She has drawn her inspiration in Spirituality, Personal development, Psychology and Yoga. Being a certified Yoga Teacher and an NLP Coach, shes is passionate about inspiring others toward a meaningful and wholesome life. Having been immersed in Dance and Physical Theatre for a season, she has cultivated a great body awareness and also means to work consciously with it. Through her teachings she is seeking to help people connect profoundly to themselves, finding more freedom. Shes wanting to facilitate a healthy connection between the body, the soul and the spirit leading to wholeness, strength and peace. -How much does the mood you are in, change the perception of yourself, others, hence the dance itself? This improvised duo uses strong connectivity and outside tools to influence, provoke and develop everyones mood. The research aims to underline how movements are dependent on the mindset of one dancer, as well as how the viewers perception switches depending on their own mood, the set, costumes, lighting and music which are all controled by the performers. Rafi a \u00e9t\u00e9 invit\u00e9 \u00e0 participer \u00e0 de nombreux spectacles et galas \u00e0 travers lEurope, les USA et Isra\u00ebl. Il est \u00e9galement fr\u00e9quemment invit\u00e9 \u00e0 donner des workshops o\u00f9 il enseigne les chor\u00e9graphies de Mats Ek. <img decoding=\"async\" src=\"http:\/\/www.craif.org\/uploads\/_craif\/ani_fichiers\/entre_ciel_et_terre.jpg\" alt=\"les rencontres professionnelles de danses gen\u00e8ve\" align=\"center\">  <img decoding=\"async\" src=\"http:\/\/2015.fetedeladanse.ch\/media\/ul\/slideshow\/images\/OperaIIIManuela_Bucci.jpg.410x231_q85_crop_upscale.jpg\" alt=\"les rencontres professionnelles de danses gen\u00e8ve\" align=\"center\"> Shanti Club Cours de Yoga et Pilates \u00e0 Gen\u00e8ve Cornavin du 24 mars au 3 avri-Vacances de P\u00e2ques 3\u00e8me trimestre-du 4 avril au 24 juin 2016 Responsable pendant cinq ans des activit\u00e9s musicales \u00e0 la Villa M\u00e9dicis, elle rejoint ensuite le d\u00e9partement production de la Philharmonie de Paris puis la Blogoth\u00e8que, charg\u00e9e de la coordination de lArte Concert Festival \u00e0 la Ga\u00eet\u00e9 Lyrique. Elle co-dirige depuis septembre 2018 avec le compositeur S\u00e9bastien Rivas, GRAME, le Centre National de Cr\u00e9ation Musicale implant\u00e9 \u00e0 Lyon. Elle est pas ailleurs conseill\u00e8re musique pour la fondation Nuovi Mecenati. Comment se poursuit la reprise progressive des classes \u00e0 partir du 02 juin? 13h45-14h45 R\u00e9p\u00e9tition Atelier Mats Ek-Rafi Sady secr\u00e9taire g\u00e9n\u00e9rale pour les Rencontres Professionnelles de Danses photo: Laura Zuualaert danseurs : Nicholas Aphane et Jos Baker formed fo llowi ng a meeting of professionals wit h e xtens ive experience.. ESIC Business Marketing School presented the., contribue \u00e0 loffre culturelle genevoise en soutenant diverses institutions notamment dans le domaine de la musique, du th\u00e9\u00e2tre et des arts visuels. Les personnels dont les enfants ne peuvent pas \u00eatre accueillis en cr\u00e8che ou en \u00e9tablissement scolaire durant leur temps de service se voient proposer dexercer leur fonction \u00e0 distance pour les jours durant lesquels leurs enfants ne peuvent \u00eatre accueillis sur pr\u00e9sentation dune attestation de l\u00e9tablissement scolaire ou de la cr\u00e8che.<\/p>\n","protected":false},"excerpt":{"rendered":"<p>les rencontres professionnelles de danses gen\u00e8ve<\/p>\n","protected":false},"author":1,"featured_media":0,"comment_status":"closed","ping_status":"closed","sticky":false,"template":"","format":"standard","meta":{"footnotes":""},"categories":[1],"tags":[],"_links":{"self":[{"href":"http:\/\/bauclassroom.com\/info\/wp-json\/wp\/v2\/posts\/10388"}],"collection":[{"href":"http:\/\/bauclassroom.com\/info\/wp-json\/wp\/v2\/posts"}],"about":[{"href":"http:\/\/bauclassroom.com\/info\/wp-json\/wp\/v2\/types\/post"}],"author":[{"embeddable":true,"href":"http:\/\/bauclassroom.com\/info\/wp-json\/wp\/v2\/users\/1"}],"replies":[{"embeddable":true,"href":"http:\/\/bauclassroom.com\/info\/wp-json\/wp\/v2\/comments?post=10388"}],"version-history":[{"count":1,"href":"http:\/\/bauclassroom.com\/info\/wp-json\/wp\/v2\/posts\/10388\/revisions"}],"predecessor-version":[{"id":10389,"href":"http:\/\/bauclassroom.com\/info\/wp-json\/wp\/v2\/posts\/10388\/revisions\/10389"}],"wp:attachment":[{"href":"http:\/\/bauclassroom.com\/info\/wp-json\/wp\/v2\/media?parent=10388"}],"wp:term":[{"taxonomy":"category","embeddable":true,"href":"http:\/\/bauclassroom.com\/info\/wp-json\/wp\/v2\/categories?post=10388"},{"taxonomy":"post_tag","embeddable":true,"href":"http:\/\/bauclassroom.com\/info\/wp-json\/wp\/v2\/tags?post=10388"}],"curies":[{"name":"wp","href":"https:\/\/api.w.org\/{rel}","templated":true}]}}