{"id":10476,"date":"2020-10-14T20:34:10","date_gmt":"2020-10-14T20:34:10","guid":{"rendered":"http:\/\/bauclassroom.com\/info\/?p=10476"},"modified":"2020-10-04T14:38:37","modified_gmt":"2020-10-04T14:38:37","slug":"arl-association-rencontre-et-loisir","status":"publish","type":"post","link":"http:\/\/bauclassroom.com\/info\/2020\/10\/14\/arl-association-rencontre-et-loisir\/","title":{"rendered":"Arl Association Rencontre Et Loisir"},"content":{"rendered":"<p>Lien Permanent pour cet article : http:arlphl.qc.caarchives1217 Cours de dessin avec mod\u00e8le vivant, peinture, aquarelle, sculpture modelage et taille. \u039c\u03bf\u03c5\u03c3\u03b9\u03ba\u03b5\u03c2 \u03bd\u03bf\u03c4\u03b5\u03c2 \u03b1\u03b3\u03b3\u03bb\u03b9\u03ba\u03b1 \u03c1\u03b9\u03b6\u03bf\u03c4\u03bf \u03bc\u03b5 \u03bc\u03b1\u03bd\u03b9\u03c4\u03b1\u03c1\u03b9\u03b1 \u03ba\u03b1\u03b9 \u03ba\u03bf\u03c4\u03bf\u03c0\u03bf\u03c5\u03bb\u03bf \u039c\u03b1\u03c1 21, 2018 \u03c0\u03c1\u03bf\u03c3\u03ba\u03bb\u03b7\u03c4\u03b7\u03c1\u03b9\u03b1 \u03b3\u03b1\u03bc\u03bf\u03c5 \u03b2\u03b1\u03c0\u03c4\u03b9\u03c3\u03b7\u03c2 \u03c0\u03b1\u03c0\u03c5\u03c1\u03bf\u03c2 \u03c4\u03c9\u03c1\u03b1 \u03ba\u03bb\u03b1\u03b9\u03bd\u03b5 \u03c4\u03b1 \u03ba\u03b1\u03b2\u03bf\u03c5\u03c1\u03b1\u03ba\u03b9\u03b1 360 1er centre de lutte contre le cancer en Europe, 3 000 professionnels mobilis\u00e9s Pour toute participation \u00e0 une activit\u00e9, ladh\u00e9sion \u00e0 lassociation Rencontres et Loisirs est obligatoire 1 par famille. Gagnez vos entr\u00e9es toute lann\u00e9e en \u00e9ccoutant ARL, partenaire du Vog! Choisissez les types de cookies que vous acceptez : Cookies fonctionnels Un adolescent peut \u00eatre remis volontairement par ses parents au service de lAide Sociale \u00e0 lEnfance ASE. La d\u00e9cision quant au lieu et au mode de placement de ladolescent est prise entre la famille et le service de lASE. Les mesures de placement prises par lASE ne peuvent dans ce cas exc\u00e9der 1 an. Les liens de filiation entre ladolescent et ses parents ne sont pas rompus meme si lexercice de lautorit\u00e9 parentale est suspendu. Le service de lASE doit revoir chaque ann\u00e9e lensemble de la proc\u00e9dure dadmission, afin de v\u00e9rifier que les parents ne peuvent toujours pas, pour des motifs mat\u00e9riels ou psychologiques, assumer leurs obligations vis-\u00e0-vis de leur adolescent. Les parents doivent de nouveau consentir \u00e0 la poursuite du placement de lenfant. Nos interventions avec les habitants participent au mieux-vivre ensemble dans les quartiers. Des actions transversales <img decoding=\"async\" src=\"http:\/\/www.stay.hostelgeneration.com\/images\/hbond.png\" alt=\"arl association rencontre et loisir\" align=\"center\"> Notre objectif au quotidien est de satisfaire nos adh\u00e9rents et de construire avec eux, gr\u00e2ce \u00e0 leurs suggestions de nouvelles activit\u00e9s et manifestations. Acc\u00e9dez aux num\u00e9ros des entreprises en illimit\u00e9 et sans publicit\u00e9. AFPCS Association franco-portugaise culturelle et sportive-Primavera de Cr\u00e9teil AI groupe Val-de-Marne Sud-Est-chez Catherine Pinzuti-5 Rue Robert Schuman-94000 CRETEIL Montr\u00e9al, le 19 mai 2020 La Fondation du Grand Montr\u00e9al FGM a annonc\u00e9, par la voix de son pr\u00e9sident-directeur g\u00e9n\u00e9ral Yvan Gauthier, quelle versera des subventions pour des projets soumis par des organismes communautaires. Le budget total pour cette mesure constitue 7,2 millions de dollars, afin de r\u00e9pondre aux besoins des populations vuln\u00e9rables de la grande r\u00e9gion de Montr\u00e9al qui sont parmi les plus touch\u00e9es par la COVID-19. M PEYRONNET Claude T\u00e9l\u00e9phone : 06 71 71 20 30 http:comiteanimationcerelles.blog4ever.com Nos solutions business sont exclusivement r\u00e9serv\u00e9es aux professionnels.  \u03b5\u03c6\u03c5\u03b3\u03b5\u03c2 \u03ba\u03b1\u03b9 \u03b5\u03c3\u03c5 \u03bc\u03b5 \u03b2\u03c1\u03bf\u03c7\u03b7 \u03c0\u03bf\u03c5 \u03b4\u03b5\u03bd \u03c3\u03c4\u03b5\u03b3\u03bd\u03c9\u03bd\u03b5\u03b9 \u03c3\u03b7\u03bc\u03b5\u03b9\u03b1 \u03ba\u03b1\u03b9 \u03c4\u03b5\u03c1\u03b1\u03c4\u03b1 mega 1 \u03a3\u03b5\u03c0 20, 2017 \u03b8\u03b5\u03c1\u03bc\u03b9\u03ba\u03cc\u03c2 \u03c3\u03c5\u03bd\u03c4\u03b5\u03bb\u03b5\u03c3\u03c4\u03ae\u03c2 \u03b5\u03b9\u03b4\u03b9\u03ba\u03ae\u03c2 \u03b1\u03bd\u03c4\u03af\u03c3\u03c4\u03b1\u03c3\u03b7\u03c2 \u03b1\u03bd\u03b1\u03be\u03b9\u03cc\u03c0\u03b9\u03c3\u03c4\u03bf\u03c2 \u03c3\u03c4\u03b1 \u03b1\u03b3\u03b3\u03bb\u03b9\u03ba\u03ac 1081 Derni\u00e8re mise \u00e0 jour : plus de 10 ans 04022004 Apcars Sajir Association de politique criminelle appliqu\u00e9e et de r\u00e9insertion sociale Service r\u00e9gional daction judiciaire et dinsertion La Journ\u00e9e nationale du sport et de lactivit\u00e9 physique JNSAP invite la population \u00e0 d\u00e9couvrir ou \u00e0 red\u00e9couvrir le plaisir de bouger, de faire du sport et de pratiquer des activit\u00e9s physiques en tout genre et en tout lieu, que ce soit \u00e0 des fins utilitaires ou pendant ses temps libres du 2 mai au 12 mai. Les membres du groupe Val de Marne Sud-Est, pr\u00e9sents sur la ville de Cr\u00e9teil, proposent des actions ponctuelles dans le cadre des campagnes men\u00e9es par lorganisation Amnesty International, mouvement mondial et ind\u00e9pendant pour la d\u00e9fense des droits humains. <img decoding=\"async\" src=\"http:\/\/static.webshopapp.com\/shops\/039401\/files\/178611662\/kit-de-suppression-de-la-boite-a-air.jpg\" alt=\"arl association rencontre et loisir\" align=\"center\"> Acc\u00e9dez aux num\u00e9ros de TVA en illimit\u00e9 et sans publicit\u00e9.  <img decoding=\"async\" src=\"http:\/\/www.dream.vino-talk.com\/medias\/big-fichier-CCC-6475.jpg\" alt=\"arl association rencontre et loisir\" align=\"center\"> .<\/p>\n","protected":false},"excerpt":{"rendered":"<p>arl association rencontre et loisir<\/p>\n","protected":false},"author":1,"featured_media":0,"comment_status":"closed","ping_status":"closed","sticky":false,"template":"","format":"standard","meta":{"footnotes":""},"categories":[1],"tags":[],"_links":{"self":[{"href":"http:\/\/bauclassroom.com\/info\/wp-json\/wp\/v2\/posts\/10476"}],"collection":[{"href":"http:\/\/bauclassroom.com\/info\/wp-json\/wp\/v2\/posts"}],"about":[{"href":"http:\/\/bauclassroom.com\/info\/wp-json\/wp\/v2\/types\/post"}],"author":[{"embeddable":true,"href":"http:\/\/bauclassroom.com\/info\/wp-json\/wp\/v2\/users\/1"}],"replies":[{"embeddable":true,"href":"http:\/\/bauclassroom.com\/info\/wp-json\/wp\/v2\/comments?post=10476"}],"version-history":[{"count":1,"href":"http:\/\/bauclassroom.com\/info\/wp-json\/wp\/v2\/posts\/10476\/revisions"}],"predecessor-version":[{"id":10477,"href":"http:\/\/bauclassroom.com\/info\/wp-json\/wp\/v2\/posts\/10476\/revisions\/10477"}],"wp:attachment":[{"href":"http:\/\/bauclassroom.com\/info\/wp-json\/wp\/v2\/media?parent=10476"}],"wp:term":[{"taxonomy":"category","embeddable":true,"href":"http:\/\/bauclassroom.com\/info\/wp-json\/wp\/v2\/categories?post=10476"},{"taxonomy":"post_tag","embeddable":true,"href":"http:\/\/bauclassroom.com\/info\/wp-json\/wp\/v2\/tags?post=10476"}],"curies":[{"name":"wp","href":"https:\/\/api.w.org\/{rel}","templated":true}]}}