{"id":10484,"date":"2020-10-14T01:16:14","date_gmt":"2020-10-14T01:16:14","guid":{"rendered":"http:\/\/bauclassroom.com\/info\/?p=10484"},"modified":"2020-10-04T15:09:34","modified_gmt":"2020-10-04T15:09:34","slug":"rencontres-cotignac","status":"publish","type":"post","link":"http:\/\/bauclassroom.com\/info\/2020\/10\/14\/rencontres-cotignac\/","title":{"rendered":"Rencontres Cotignac"},"content":{"rendered":"<p>Le Dioc\u00e8se de Hautes-Alpes de Mgr Jean-Michel di FALCO L\u00c9ANDRI 2018 Route des Vins de Provence. Tous droits r\u00e9serv\u00e9s. Labus dalcool est dangereux \u00e0 la sant\u00e9. \u00c0 consommer avec mod\u00e9ration R\u00e9alisation. FETE DU VILLAGE Sortir \u00e0 LA ROQUEBRUSSANNE dans le Var Proposez une chambre, un canap\u00e9 ou votre logement entier, cr\u00e9ez votre annonce gratuitement! 2 Je choisis ma formule daccueil Et nous, on sengage \u00e0 r\u00e9duire les formats publicitaires ressentis comme intrusifs. <img decoding=\"async\" src=\"http:\/\/paroissesdelacrau.aixarles.org\/wp-content\/uploads\/2018\/07\/Service03.jpg\" alt=\"rencontres cotignac\" align=\"left\"> Forum des associations le dimanche 14 septembre 2014  35 rue Pavillon Marseille 6e Canebi\u00e8re-Vieux-Port  Printemps des Arts, Festival de La Tene, March\u00e9 de No\u00ebl et F\u00eate des Lumi\u00e8res Des logements confortables avec toutes les commodit\u00e9s de base Puis vient larriv\u00e9e \u00e0 Cotignac o\u00f9 nos c\u0153urs silluminent en d\u00e9couvrant toutes ces p\u00e8lerines venant de tous les coins. Notre fatigue est d\u00e9j\u00e0 oubli\u00e9e et nous pouvons ensemble louer Dieu! Alors merci \u00e0 toutes celles qui mont invit\u00e9e \u00e0 partager ces trois jours offerts \u00e0 Dieu. Virginie Nous aimons aussi nous d\u00e9placer pour aller \u00e0 la rencontre dautres paroisses. <img decoding=\"async\" src=\"http:\/\/www.koxepi.ga\/sites\/all\/themes\/ecophyto\/logo.png\" alt=\"rencontres cotignac\" align=\"center\"> Un plan pour se rendre \u00e0 cette association est disponible directement sur  Michel et Gladys vous souhaitent la bienvenue au Temps de Vivre \u00e0 dans le, charmante propri\u00e9t\u00e9 situ\u00e9e en bordure du petit village m\u00e9di\u00e9val du val au plein cur de la Provence Verte. Pour vous accueillir nous vous proposons 5 chambres dh\u00f4tes, toutes \u00e9quip\u00e9es dune terrasse individuelle donnant acc\u00e8s \u00e0 la piscine. Confortablement install\u00e9 au milieu des collines proven\u00e7ales aux multiples senteurs&#8230;. <img decoding=\"async\" src=\"http:\/\/catalogue.gazette-drouot.com\/images\/perso\/full\/LOT\/85\/90808\/140.jpg\" alt=\"rencontres cotignac\" align=\"center\"> Bien plus que de simples logements pour passer la nuit Durant cette grossesse, comme pour la pr\u00e9c\u00e9dente, j\u00e9tais sujette \u00e0 une sorte decz\u00e9ma virulent pour lequel je refusais tout traitement. Comme tous les grands rassemblements d\u00e9t\u00e9, la 71e \u00e9dition du Festival dAnjou pr\u00e9vue du 8 juin au 3..<\/p>\n","protected":false},"excerpt":{"rendered":"<p>rencontres cotignac<\/p>\n","protected":false},"author":1,"featured_media":0,"comment_status":"closed","ping_status":"closed","sticky":false,"template":"","format":"standard","meta":{"footnotes":""},"categories":[1],"tags":[],"_links":{"self":[{"href":"http:\/\/bauclassroom.com\/info\/wp-json\/wp\/v2\/posts\/10484"}],"collection":[{"href":"http:\/\/bauclassroom.com\/info\/wp-json\/wp\/v2\/posts"}],"about":[{"href":"http:\/\/bauclassroom.com\/info\/wp-json\/wp\/v2\/types\/post"}],"author":[{"embeddable":true,"href":"http:\/\/bauclassroom.com\/info\/wp-json\/wp\/v2\/users\/1"}],"replies":[{"embeddable":true,"href":"http:\/\/bauclassroom.com\/info\/wp-json\/wp\/v2\/comments?post=10484"}],"version-history":[{"count":1,"href":"http:\/\/bauclassroom.com\/info\/wp-json\/wp\/v2\/posts\/10484\/revisions"}],"predecessor-version":[{"id":10485,"href":"http:\/\/bauclassroom.com\/info\/wp-json\/wp\/v2\/posts\/10484\/revisions\/10485"}],"wp:attachment":[{"href":"http:\/\/bauclassroom.com\/info\/wp-json\/wp\/v2\/media?parent=10484"}],"wp:term":[{"taxonomy":"category","embeddable":true,"href":"http:\/\/bauclassroom.com\/info\/wp-json\/wp\/v2\/categories?post=10484"},{"taxonomy":"post_tag","embeddable":true,"href":"http:\/\/bauclassroom.com\/info\/wp-json\/wp\/v2\/tags?post=10484"}],"curies":[{"name":"wp","href":"https:\/\/api.w.org\/{rel}","templated":true}]}}