{"id":10510,"date":"2020-10-14T11:54:30","date_gmt":"2020-10-14T11:54:30","guid":{"rendered":"http:\/\/bauclassroom.com\/info\/?p=10510"},"modified":"2020-10-04T15:39:04","modified_gmt":"2020-10-04T15:39:04","slug":"rencontres-citoyennes-belfort","status":"publish","type":"post","link":"http:\/\/bauclassroom.com\/info\/2020\/10\/14\/rencontres-citoyennes-belfort\/","title":{"rendered":"Rencontres Citoyennes Belfort"},"content":{"rendered":"<p> SECTION SE-Unsa du TERRITOIRE DE BELFORT-MAISON DU PEUPLE-SALLE 225-PLACE DE LA RESISTANCE-90000 BELFORT, sur Franceinfo, 12 mars 2019 consult\u00e9 le 5 mai 2019 R\u00e9my Josseaume, sur lefigaro.fr, 28 d\u00e9cembre 2018 consult\u00e9 le 10 f\u00e9vrier 2020.  <img decoding=\"async\" src=\"http:\/\/static.webshopapp.com\/shops\/039401\/files\/013511313\/kit-delimination-du-systeme-ais-pour-triumph-twins.jpg\" alt=\"rencontres citoyennes belfort\" align=\"center\"> 7 000 emplois industriels a\u0300 Belfort sur Technhom, gr\u00e2ce aux outils de de\u0301veloppement public et avec de nouveaux projets en cours : plate-forme multifluides, Eco Technhom.. Les Gilets jaunes : une querelle des interpr\u00e9tations, revue, n o 59, mai 2019, avec des textes de,,, Jacques Brou, Chlo\u00e9 Mareste,, Judith Balso, Yves Dupeux, Guillaume Wagner, Christiane Vollaire, Jean-Philippe Milet, Arnaud Tom\u00e8s, Pour ce faire, ils ont bas\u00e9 leur strat\u00e9gie sur un dr\u00f4le de concept : la pouletique. On a organis\u00e9 des d\u00eeners o\u00f9 on faisait se rencontrer des personnes de diff\u00e9rentes sensibilit\u00e9s et o\u00f9 je cuisinais du poulet. Parce que la politique, cest avant tout une affaire humaine, poursuit lentremetteuse en tablier. Elle na pas encore dig\u00e9r\u00e9 la sortie auto-proclam\u00e9e et temporaire? dEELV Dix orga politiques arriveraient \u00e0 se mettre daccord, mais pas onze? cest inexplicable mais pense d\u00e9j\u00e0 \u00e0 resservir le plat : On va continuer \u00e0 leur parler et \u00e0 leur tendre la main, il faut quon y arrive tous ensemble. En face dun Rassemblement national aussi puissant, on ne peut pas prendre le risque dy aller \u00e0 plusieurs bulletins. Des discussions sont \u00e9galement en cours avec une autre dynamique participative, le Pacte d\u00e9mocratique, qui rassemble notamment des militants des quartiers populaires, et impliqu\u00e9s aupr\u00e8s des familles en lutte suite. La poursuite du blocage d\u00e9pendra des avanc\u00e9es ou non de la r\u00e9union qui se tient aujourdhui, selon Abdelaziz Jebbar, d\u00e9l\u00e9gu\u00e9 syndical CGT \u00e0 General Electric Belfort. Pour le moment, aucune certitude donc. Mais la pression est r\u00e9elle. Ce mardi matin, sur le site de fabrication des turbines \u00e0 gaz, salari\u00e9s et syndicats sentendaient sur un point. Lurgence \u00e0 montrer leur col\u00e8re, \u00e0 taper du poing sur la table. Le blocage pourrait donc \u00eatre \u00e9tendu \u00e0 lensemble du site. Un blocage contre la fin, tant redout\u00e9e, de General Electrics \u00e0 Belfort. Installation dune ruche Le fleurissement du village  <img decoding=\"async\" src=\"http:\/\/www.bfc-international.org\/IMG\/jpg\/Affiche_20RESIC_202013.jpg\" alt=\"rencontres citoyennes belfort\" align=\"left\"> et L\u00e9na\u00efg Bredoux et Dan Israel, sur, 27 mai 2019 consult\u00e9 le 5 juin 2019. Date de publication au journal officiel : Samedi 5 Ao\u00fbt 2006, sur le site du quotidien consult\u00e9 le 27 novembre 2018. Le mouvement des Gilets jaunes n\u00e9tant ni structur\u00e9, ni centralis\u00e9, ses revendications traduisent des aspirations tr\u00e8s diverses. Des slogans sont souvent inscrits au dos des gilets jaunes, mais aussi sur des pancartes ou tags. <img decoding=\"async\" src=\"http:\/\/tilmelove.tk\/images\/bandeau\/bandeauWeb_Ville-2018.jpg\" alt=\"rencontres citoyennes belfort\" align=\"center\"> Cette soir\u00e9e sera anim\u00e9e par Philippe FREMEAUX du Magazine Alternatives \u00c9conomiques, dans le cadre des. Du lundi 13 mai 2019 \u00e0 9:00 au mercredi 05 juin 2019 \u00e0 13:00 Magali OLLIER Secr\u00e9taire g\u00e9n\u00e9rale du Granit, sc\u00e8ne nationale Belfort, sur Marianne, 24 avril 2019 consult\u00e9 le 8 mai 2019.<\/p>\n","protected":false},"excerpt":{"rendered":"<p>rencontres citoyennes belfort<\/p>\n","protected":false},"author":1,"featured_media":0,"comment_status":"closed","ping_status":"closed","sticky":false,"template":"","format":"standard","meta":{"footnotes":""},"categories":[1],"tags":[],"_links":{"self":[{"href":"http:\/\/bauclassroom.com\/info\/wp-json\/wp\/v2\/posts\/10510"}],"collection":[{"href":"http:\/\/bauclassroom.com\/info\/wp-json\/wp\/v2\/posts"}],"about":[{"href":"http:\/\/bauclassroom.com\/info\/wp-json\/wp\/v2\/types\/post"}],"author":[{"embeddable":true,"href":"http:\/\/bauclassroom.com\/info\/wp-json\/wp\/v2\/users\/1"}],"replies":[{"embeddable":true,"href":"http:\/\/bauclassroom.com\/info\/wp-json\/wp\/v2\/comments?post=10510"}],"version-history":[{"count":1,"href":"http:\/\/bauclassroom.com\/info\/wp-json\/wp\/v2\/posts\/10510\/revisions"}],"predecessor-version":[{"id":10511,"href":"http:\/\/bauclassroom.com\/info\/wp-json\/wp\/v2\/posts\/10510\/revisions\/10511"}],"wp:attachment":[{"href":"http:\/\/bauclassroom.com\/info\/wp-json\/wp\/v2\/media?parent=10510"}],"wp:term":[{"taxonomy":"category","embeddable":true,"href":"http:\/\/bauclassroom.com\/info\/wp-json\/wp\/v2\/categories?post=10510"},{"taxonomy":"post_tag","embeddable":true,"href":"http:\/\/bauclassroom.com\/info\/wp-json\/wp\/v2\/tags?post=10510"}],"curies":[{"name":"wp","href":"https:\/\/api.w.org\/{rel}","templated":true}]}}