{"id":10514,"date":"2020-10-14T16:18:07","date_gmt":"2020-10-14T16:18:07","guid":{"rendered":"http:\/\/bauclassroom.com\/info\/?p=10514"},"modified":"2020-10-04T15:47:59","modified_gmt":"2020-10-04T15:47:59","slug":"rencontres-lyriques-internationales-de-montreal","status":"publish","type":"post","link":"http:\/\/bauclassroom.com\/info\/2020\/10\/14\/rencontres-lyriques-internationales-de-montreal\/","title":{"rendered":"Rencontres Lyriques Internationales De Montr\u00e9al"},"content":{"rendered":"<p><img decoding=\"async\" src=\"http:\/\/www.baviere-quebec.org\/imperia\/md\/quebec\/gallery\/fittosize_650_0_55aa00d2fe4d8668a13c03ff002b3419_img_1937.jpeg\" alt=\"rencontres lyriques internationales de montr\u00e9al\" align=\"left\">  Halt\u00e9rophile_Libre service r\u00e9v\u00e8le la trempe chor\u00e9graphique de Lorenzo de Angelis, d\u00e9j\u00e0 remarqu\u00e9 comme danseur interpr\u00e8te exceptionnel G. Mayen, mouvement.net  profond\u00e9ment pour s e s concerts e t interpr\u00e9tat io n s lyriques, e t il a donn\u00e9.. Oui, ces rigolos sont bien Rosemarie, Mathilde, Bruno Laplante et France Duval! sauvegarder le patrim oi n e lyrique e t po\u00e9tique italie n e t international. Con\u00e7u pour la c\u00e9l\u00e9bration de tout type d\u00e9v\u00e9nements, on y pr\u00e9sente.. LOp\u00e9ra de Montr\u00e9al se donne comme priorit\u00e9 lengagement dartistes lyriques qu\u00e9b\u00e9cois, autant ceux qui jouissent dune r\u00e9putation internationale que ceux qui sont en d\u00e9but de carri\u00e8re comme, par exemple, les stagiaires de lAtelier lyrique. Dans la nomenclature qui suit, bien quincompl\u00e8te, on verra que cet objectif a \u00e9t\u00e9 atteint dans une bonne mesure. Au nombre des chanteuses et chanteurs du Qu\u00e9bec qui se sont vus confier des premiers r\u00f4les ou des r\u00f4les de soutien figurent les sopranos,,, Gail Desmarais,,,,, Christiane Gu\u00e9nette, Chantal Lambert,,, et Adrienne Savoie; les mezzo-sopranos ou contraltos Christine Lemelin, Th\u00e9r\u00e8se Sevadjian,, ; les t\u00e9nors, Yves Cantin,, Claude-Robin Pelletier et ; les barytons, Jean-Cl\u00e9ment Bergeron, Desmond Byrne,,, Gr\u00e9goire Legendre,, Erik Oland, ; les basses,,,, et. Sanary-sur-Mer : Sanary sous les \u00e9toiles, jazz, rock, classique La projection du dernier film de Claire Denis France, dapr\u00e8s un texte de Christine Angot, Voil\u00e0 lencha\u00eenement, en pr\u00e9sence de la r\u00e9alisatrice et de lauteure sous r\u00e9serve. LEnsemble de musique contemporaine, sous la direction de Jean-Micha\u00ebl Lavoie, propose une programmation qui marie les \u0153uvres fondatrices du r\u00e9pertoire contemporain avec les pi\u00e8ces les plus r\u00e9centes et qui t\u00e9moigne de la vitalit\u00e9 de la cr\u00e9ation musicale. Au fil de la saison, lensemble accordera une attention particuli\u00e8re \u00e0 la cr\u00e9ation d\u0153uvres de jeunes compositeurs dici et dailleurs. : Corbeil-Essonnes Jazz Festival Anciennement Les couleurs du Jazz MISE \u00c0 JOUR 1ER AVRIL 2020.. Comme vous le savez, malheureusement, tout cela nest maintenant plus possible, et dans le souci de pr\u00e9server la sant\u00e9 et de la s\u00e9curit\u00e9 de notre public, des artistes et de toute l\u00e9quipe, toutes les repr\u00e9sentations de La Fl\u00fbte enchant\u00e9e pr\u00e9vues du 16 au 26 mai dans la salle Wilfrid-Pelletier sont annul\u00e9es. Gr\u00e2ce \u00e0 sa restauration, les programmations estivales de spectacles ont ressuscit\u00e9.. <img decoding=\"async\" src=\"http:\/\/blog.e-180.com\/wp-content\/uploads\/2015\/04\/cercle1-103.jpg\" alt=\"rencontres lyriques internationales de montr\u00e9al\" align=\"center\"> Le Monde utilise des cookies pour vous offrir une exp\u00e9rience utilisateur de qualit\u00e9, mesurer laudience, optimiser les fonctionnalit\u00e9s des r\u00e9seaux sociaux et vous proposer des publicit\u00e9s personnalis\u00e9es. En poursuivant votre navigation sur ce site, vous acceptez lutilisation de cookies dans les conditions pr\u00e9vues par notre.. Nous ne devons pas oublier un autre pr\u00e9ambule de notre formation : On ne va pas se plaindre mais il reste encore du chemin \u00e0 faire. <img decoding=\"async\" src=\"http:\/\/www.delure.org\/content\/2-les-rencontres\/3-rencontres-precedentes\/1-rencontres-2018\/intervenants\/10-pierre-michaud\/michaud-image-bd.jpg\" alt=\"rencontres lyriques internationales de montr\u00e9al\" align=\"right\"> Saint-Lary-Soulan : Festival des petites \u00e9glises de montagne ,,,,,,,, Festival Les Rencontres internationales Nouveau cin\u00e9ma et art contemporain La Ga\u00eet\u00e9 lyrique FR.<\/p>\n","protected":false},"excerpt":{"rendered":"<p>rencontres lyriques internationales de montr\u00e9al<\/p>\n","protected":false},"author":1,"featured_media":0,"comment_status":"closed","ping_status":"closed","sticky":false,"template":"","format":"standard","meta":{"footnotes":""},"categories":[1],"tags":[],"_links":{"self":[{"href":"http:\/\/bauclassroom.com\/info\/wp-json\/wp\/v2\/posts\/10514"}],"collection":[{"href":"http:\/\/bauclassroom.com\/info\/wp-json\/wp\/v2\/posts"}],"about":[{"href":"http:\/\/bauclassroom.com\/info\/wp-json\/wp\/v2\/types\/post"}],"author":[{"embeddable":true,"href":"http:\/\/bauclassroom.com\/info\/wp-json\/wp\/v2\/users\/1"}],"replies":[{"embeddable":true,"href":"http:\/\/bauclassroom.com\/info\/wp-json\/wp\/v2\/comments?post=10514"}],"version-history":[{"count":1,"href":"http:\/\/bauclassroom.com\/info\/wp-json\/wp\/v2\/posts\/10514\/revisions"}],"predecessor-version":[{"id":10515,"href":"http:\/\/bauclassroom.com\/info\/wp-json\/wp\/v2\/posts\/10514\/revisions\/10515"}],"wp:attachment":[{"href":"http:\/\/bauclassroom.com\/info\/wp-json\/wp\/v2\/media?parent=10514"}],"wp:term":[{"taxonomy":"category","embeddable":true,"href":"http:\/\/bauclassroom.com\/info\/wp-json\/wp\/v2\/categories?post=10514"},{"taxonomy":"post_tag","embeddable":true,"href":"http:\/\/bauclassroom.com\/info\/wp-json\/wp\/v2\/tags?post=10514"}],"curies":[{"name":"wp","href":"https:\/\/api.w.org\/{rel}","templated":true}]}}