{"id":10554,"date":"2020-10-14T03:06:11","date_gmt":"2020-10-14T03:06:11","guid":{"rendered":"http:\/\/bauclassroom.com\/info\/?p=10554"},"modified":"2020-10-04T17:01:34","modified_gmt":"2020-10-04T17:01:34","slug":"rencontre-regionale-agroalimentaire","status":"publish","type":"post","link":"http:\/\/bauclassroom.com\/info\/2020\/10\/14\/rencontre-regionale-agroalimentaire\/","title":{"rendered":"Rencontre R\u00e9gionale Agroalimentaire"},"content":{"rendered":"<p>En raison de l\u00e9volution de la situation sanitaire ainsi que des annonces faites par le Pr\u00e9sident de la R\u00e9publique, et apr\u00e8s consultation des membres du bureau de la F\u00e9d\u00e9ration fran\u00e7aise des \u00e9coles de cirque : l es Rencontres R\u00e9gionales sont suspendues jusqu\u00e0 nouvel ordre. <img decoding=\"async\" src=\"http:\/\/www.bretagne.bzh\/upload\/docs\/image\/jpeg\/2018-04\/belle-ile-en-mer.jpg.associated\/th-800x450-belle-ile-en-mer.jpg.jpg\" alt=\"rencontre r\u00e9gionale agroalimentaire\" align=\"left\"> <img decoding=\"async\" src=\"http:\/\/slideplayer.fr\/1629239\/5\/images\/5\/PRESENTATION+GENERALE+DES+INDUSTRIES+AGROALIMENTAIRES+EN+AUVERGNE.jpg\" alt=\"rencontre r\u00e9gionale agroalimentaire\" align=\"center\"> Publi\u00e9 le 15 mai 2020 \u00e0 15h02 La Place des rencontres toujours active La certification CMMI dALTEN a \u00e9t\u00e9 reconduite pour 3 ans. 09h00 \u00e0 10h00 : Questionsr\u00e9ponse-Visite de lunit\u00e9 de d\u00e9conditionnement Sothis Environnement Lavantage dentreprendre en franchise, et ce quel que soit le r\u00e9seau que lon choisit, cest que lon est ma\u00eetre de son navire tout en sappuyant sur une marque, sur une enseigne.  Le th\u00e8me de la conf\u00e9rence, Paris-S\u00e9oul : Regards crois\u00e9s sur les tendances et innovations agroalimentaires, a \u00e9t\u00e9 trait\u00e9 lors de deux panels Smart Agriculture et Smart Emballage, pour une alimentation saine et Sant\u00e9 et Plaisir, pour une alimentation Innovante a permis des \u00e9changes riches entre les experts cor\u00e9ens et fran\u00e7ais du secteur agroalimentaire. <img decoding=\"async\" src=\"http:\/\/static.latribune.fr\/full_width\/581928\/cette-6e-edition-a-rencontre-un-vif-succes-avec-plus-de-400-participant-e-s.jpg\" alt=\"rencontre r\u00e9gionale agroalimentaire\" align=\"center\"> Tous les enl\u00e8vements se font chez les \u00e9leveurs et lactivit\u00e9 dabattage sest maintenue et a parfois augment\u00e9. Mais pour laval, des arr\u00eats de 2 \u00e0 3 semaines ont \u00e9t\u00e9 observ\u00e9s. Linterprofession porcine dOccitanie a aussi relev\u00e9 de l\u00e9g\u00e8res fluctuations sur les op\u00e9rations de d\u00e9coupe qui ont perdu des d\u00e9bouch\u00e9s grossistes et restauration hors domicile. This page is used to test the proper operation of the after it has been installed. If you can read this page it means that this site is working properly. This server is powered by. Le prix de lapplication mobile : le coeur du projet est la cr\u00e9ation dune appli mobile \u00c9douard Philippe ne semble pas avoir r\u00e9ussi \u00e0 garder son calme. Il a envoy\u00e9 un SMS plut\u00f4t sec \u00e0 Sibeth Ndiaye, la porte-parole du gouvernement. 3 Lint\u00e9gration dune entreprise dans un groupe complexifie lanalyse de son organisation et de son i ISO 27001 Management de la s\u00e9curit\u00e9 de linformation Les Rencontres R\u00e9gionales de la Recherche et de lInnovation RRI ont pour ambition de sensibiliser et informer les entrepreneurs r\u00e9gionaux afin de d\u00e9velopper le nombre de projets innovants en Hauts-de-France.  Fabien Pelous! Quand jai commenc\u00e9 le rugby, il \u00e9tait dans ses grandes ann\u00e9es au Stade Toulousain, je ladorais. Il \u00e9tait deuxi\u00e8me-ligne, poste auquel je jouais, jessayais de men inspirer. Et comme je pr\u00e9f\u00e9rais le Stade Toulousain \u00e0 l\u00e9poque, tout \u00e9tait r\u00e9uni. -Mars 2013 : conf\u00e9rences interr\u00e9gionales de restitution. D\u00e9bats sur les propositions des ateliers r\u00e9gionaux et synth\u00e8se des travaux de linterr\u00e9gion les services de lEtat au plus tard le 20 mars 2013. Toute la fili\u00e8re alimentaire est mobilis\u00e9e au sein du contrat de fili\u00e8re, de lamont agricole \u00e0 la distribution, en passant par le commerce de d\u00e9tail et lartisanat alimentaire, les entreprises de n\u00e9goce, les coop\u00e9ratives agricoles et agroalimentaires, la restauration collective et les industries alimentaires, y compris les entreprises et acteurs utilisant des produits issus de lagriculture biologique. Sont \u00e9galement impliqu\u00e9s les repr\u00e9sentants des salari\u00e9s de la fili\u00e8re. Agriculture, agroalimentaire et viticulture-Am\u00e9nagement du territoire-Territoire et environnement.<\/p>\n","protected":false},"excerpt":{"rendered":"<p>rencontre r\u00e9gionale agroalimentaire<\/p>\n","protected":false},"author":1,"featured_media":0,"comment_status":"closed","ping_status":"closed","sticky":false,"template":"","format":"standard","meta":{"footnotes":""},"categories":[1],"tags":[],"_links":{"self":[{"href":"http:\/\/bauclassroom.com\/info\/wp-json\/wp\/v2\/posts\/10554"}],"collection":[{"href":"http:\/\/bauclassroom.com\/info\/wp-json\/wp\/v2\/posts"}],"about":[{"href":"http:\/\/bauclassroom.com\/info\/wp-json\/wp\/v2\/types\/post"}],"author":[{"embeddable":true,"href":"http:\/\/bauclassroom.com\/info\/wp-json\/wp\/v2\/users\/1"}],"replies":[{"embeddable":true,"href":"http:\/\/bauclassroom.com\/info\/wp-json\/wp\/v2\/comments?post=10554"}],"version-history":[{"count":1,"href":"http:\/\/bauclassroom.com\/info\/wp-json\/wp\/v2\/posts\/10554\/revisions"}],"predecessor-version":[{"id":10555,"href":"http:\/\/bauclassroom.com\/info\/wp-json\/wp\/v2\/posts\/10554\/revisions\/10555"}],"wp:attachment":[{"href":"http:\/\/bauclassroom.com\/info\/wp-json\/wp\/v2\/media?parent=10554"}],"wp:term":[{"taxonomy":"category","embeddable":true,"href":"http:\/\/bauclassroom.com\/info\/wp-json\/wp\/v2\/categories?post=10554"},{"taxonomy":"post_tag","embeddable":true,"href":"http:\/\/bauclassroom.com\/info\/wp-json\/wp\/v2\/tags?post=10554"}],"curies":[{"name":"wp","href":"https:\/\/api.w.org\/{rel}","templated":true}]}}