{"id":10578,"date":"2020-10-14T02:46:42","date_gmt":"2020-10-14T02:46:42","guid":{"rendered":"http:\/\/bauclassroom.com\/info\/?p=10578"},"modified":"2020-10-04T17:35:25","modified_gmt":"2020-10-04T17:35:25","slug":"la-rencontre-livre-jeunesse","status":"publish","type":"post","link":"http:\/\/bauclassroom.com\/info\/2020\/10\/14\/la-rencontre-livre-jeunesse\/","title":{"rendered":"La Rencontre Livre Jeunesse"},"content":{"rendered":"<p> <img decoding=\"async\" src=\"http:\/\/www.crl-bourgogne.org\/upload\/201601_apasconte_300(1).png\" alt=\"la rencontre livre jeunesse\" align=\"center\"> Depuis bient\u00f4t 30 ans, je fabrique des spectacles \u00e0 destination des enfants et jai d\u00e9velopp\u00e9 un travail autour dadaptations de litt\u00e9rature jeunesseJai voulu communiquer cette passion \u00e0 un public plus large sur le territoire du Comminges, en r\u00e9unissant des spectacles, des expositions,des lectures, des rencontres entre les auteurs, les acteurs et le public et naturellement un salon de litt\u00e9rature jeunesse. La Saison Culturelle Municipale b\u00e9n\u00e9ficie du soutien financier de la R\u00e9gion Centre-Val de Loire et du D\u00e9partement dIndre-et-Loire. <img decoding=\"async\" src=\"http:\/\/p.calameoassets.com\/120206093448-05d5bc8a776c65af137fc4a713de68c9\/p1.jpg\" alt=\"la rencontre livre jeunesse\" align=\"center\"> La f\u00e9d\u00e9ration des salons et f\u00eates du livre jeunesse tiennent leurs 17\u00e8mes rencontres nationales \u00e0 Lorient les 28 et Jai commenc\u00e9 la s\u00e9rie des Dr\u00f4les de petites b\u00eates il y a presque 20 ans. Vous n\u00e9tiez pas n\u00e9s. Tout public \u00e0 partir de 7 ans La Librairie des tout-petits, sous le chapiteau Nos futurs en question au Salon du livre et de la presse jeunesse Le temps dun week-end, plus de 4000 visiteurs ont la possibilit\u00e9 de d\u00e9couvrir la vari\u00e9t\u00e9 de la litt\u00e9rature jeunesse contemporaine \u00e0.. Venez \u00e0 la rencontre de 30 auteurs et illustrateurs autour de s\u00e9ances de d\u00e9dicaces, dateliers de cr\u00e9ation et de conf\u00e9rences sur la litt\u00e9rature jeunesse. Et sur les conseils de Pauline de la librairie, St\u00e9phanie va passer son week-end dans les profondeurs du monde marin comme Caitlin.  CENTRES DE DOCUMENTATION ET DINFORMATION DES COLLEGES ET LYCEES DE COLMAR ET ENVIRONS, Stand 4 Et, \u00e0 partir de 19h, participez \u00e0 la Flash mob avec un lancer de pigments de couleurs Nh\u00e9sitez pas \u00e0 communiquer ce retour \u00e0 lassociation R\u00eaves dOc\u00e9ans! proposer des actions de m\u00e9diation lecture \u00e0 voix haute, heure du conte, animations ludiques.. Monsieur Paul et Michel vont de ville en ville, r\u00e9coltent les gants hors  Poitiers : deux secr\u00e9taires d\u00c9tat en visite dans la Vienne Cest comme un vrai salon, mais virtuel. Le salon de la presse et du livre de jeunesse de Montreuil. Mais, confinement et vacances de printemps obligent, un ouvre ce mercredi 8 avril \u00e0 18 heures. Intitul\u00e9 10 e Art, les chemins buissonniers de la litt\u00e9rature jeunesse, il ouvre un mercredi, comme son homologue du monde mat\u00e9riel, et propose des lieux de rencontres virtuels dont les th\u00e8mes et la programmation changent r\u00e9guli\u00e8rement. Il offre des rencontres multiformes avec la litt\u00e9rature de jeunesse comme des expositions, des interviews dautrices et dauteurs, deux web-s\u00e9ries litt\u00e9raires, des ateliers cr\u00e9atifs autour de lillustration, des jeux litt\u00e9raires in\u00e9dits, des lectures et des QCM litt\u00e9raires ou de BD. Livre Ensemble : Lalbum pluriculturel comme espace de rencontre avec lautre Cycle 4 Coll\u00e8ge Thiers, Le mur des apparences, Gwladys Constant, Le Rouergue 2018 avec la librairie Histoire de lOeil Retrouvez larticle complet et les futures chroniques sur le blog : Sous forme de joute oratoire \u00e0 distance, chacun a pu livrer ses arguments et les \u00e9changes pertinents entre les lyc\u00e9ens et lauteur ont permis \u00e0 tous les spectateurs denrichir leur r\u00e9flexion autour de ces sujets. Les auteurs jeunesse \u00e0 la F\u00eate du Livre de Saint-\u00c9tienne John Macdonald : fr\u00e8re de Ben : cest lui qui retrouve Ben <img decoding=\"async\" src=\"http:\/\/www.lireenpaysautunois.fr\/upload\/image\/annee%202012\/OK%20Couv%20jeunesse%202\/F12CouvBarrouxPoilu.jpg\" alt=\"la rencontre livre jeunesse\" align=\"left\"> Le Salon du livre encourage les enfants et les adolescents \u00e0 explorer la litt\u00e9rature dans toutes ses dimensions pour d\u00e9couvrir le plaisir de lire, d\u00e9velopper limaginaire et comprendre le monde. Ptite Pousse ou LHistoire de la toute petite fille pas plus haute quun pouce, Tas mal o\u00f9, Le Roi Dagobert et autres chansons Malgr\u00e9 le confinement, le salon du livre de jeunesse de Montreuil ouvre virtuellement ses portes le 8 avril. Intitul\u00e9 10\u00e8 art, les chemins buissonniers de la litt\u00e9rature jeunesse, il propose des lieux de rencontres virtuelles.<\/p>\n","protected":false},"excerpt":{"rendered":"<p>la rencontre livre jeunesse<\/p>\n","protected":false},"author":1,"featured_media":0,"comment_status":"closed","ping_status":"closed","sticky":false,"template":"","format":"standard","meta":{"footnotes":""},"categories":[1],"tags":[],"_links":{"self":[{"href":"http:\/\/bauclassroom.com\/info\/wp-json\/wp\/v2\/posts\/10578"}],"collection":[{"href":"http:\/\/bauclassroom.com\/info\/wp-json\/wp\/v2\/posts"}],"about":[{"href":"http:\/\/bauclassroom.com\/info\/wp-json\/wp\/v2\/types\/post"}],"author":[{"embeddable":true,"href":"http:\/\/bauclassroom.com\/info\/wp-json\/wp\/v2\/users\/1"}],"replies":[{"embeddable":true,"href":"http:\/\/bauclassroom.com\/info\/wp-json\/wp\/v2\/comments?post=10578"}],"version-history":[{"count":1,"href":"http:\/\/bauclassroom.com\/info\/wp-json\/wp\/v2\/posts\/10578\/revisions"}],"predecessor-version":[{"id":10579,"href":"http:\/\/bauclassroom.com\/info\/wp-json\/wp\/v2\/posts\/10578\/revisions\/10579"}],"wp:attachment":[{"href":"http:\/\/bauclassroom.com\/info\/wp-json\/wp\/v2\/media?parent=10578"}],"wp:term":[{"taxonomy":"category","embeddable":true,"href":"http:\/\/bauclassroom.com\/info\/wp-json\/wp\/v2\/categories?post=10578"},{"taxonomy":"post_tag","embeddable":true,"href":"http:\/\/bauclassroom.com\/info\/wp-json\/wp\/v2\/tags?post=10578"}],"curies":[{"name":"wp","href":"https:\/\/api.w.org\/{rel}","templated":true}]}}