{"id":10594,"date":"2020-10-14T12:34:51","date_gmt":"2020-10-14T12:34:51","guid":{"rendered":"http:\/\/bauclassroom.com\/info\/?p=10594"},"modified":"2020-10-04T18:26:21","modified_gmt":"2020-10-04T18:26:21","slug":"rencontre-transport-public-strasbourg","status":"publish","type":"post","link":"http:\/\/bauclassroom.com\/info\/2020\/10\/14\/rencontre-transport-public-strasbourg\/","title":{"rendered":"Rencontre Transport Public Strasbourg"},"content":{"rendered":"<p> Vous avez la possibilit\u00e9 de prendre la Navette Tramway, qui se rend directement au stade depuis les stations Part-Dieu Villette Sud, Carr\u00e9 de Soie ainsi que Meyzieu Panettes suivant activation. Vous pouvez utiliser cette navette gratuitement, sous r\u00e9serve de retirer une. Des montants incomparables avec les 10 couverts par les usagers avant le passage \u00e0 la gratuit\u00e9. Quant \u00e0 la ville de Niort, elle ne faisait peser que 12 du co\u00fbt de fonctionnement sur ses usagers. Elle a opt\u00e9 pour la gratuit\u00e9 en 2017. Cet \u00e9cart dans la mise \u00e0 contribution des usagers ne surprend pas St\u00e9phanie Lopes dAzevedo, \u00e9conomiste \u00e0 lUTP syndicat professionnel des transports publics : Vous voulez vous attaquez au symptome plutot qua la maladie. Typique de la courte vue qui vous caracterise. De Gilbert Haslauer et Albert Herrenschneider, Stra\u00dfburg, die Geschichte einer Stra\u00dfenbahn, Strassenbahn Magazin, Stuttgart, Franckhsche Verlagshandlung, n o 17, ao\u00fbt 1975, p. 163-240 Ce dynamisme sans cesse renouvel\u00e9 sappui sur lactivit\u00e9 de 9 r\u00e9seaux r\u00e9gionaux et conduit \u00e0 la r\u00e9alisation dactions daide \u00e0 linnovation et au partage, dactions de formation tel laccueil des \u00e9lectroniciens r\u00e9cemment recrut\u00e9s. Les couleurs strasbourgeoises avaient \u00e9t\u00e9 choisies pour cela : le vert des arbres et la couleur du gr\u00e8s rose des Vosges, roche ayant servi \u00e0 la construction dun grand nombre d\u00e9difices de la ville.  Corinne Verdier, la pr\u00e9sidente dAltinnova, a \u00e9t\u00e9 interview\u00e9e dans La French Fab pour faire part de son retour sur le v\u00e9lo dans le d\u00e9confinement Voici.. Ipsos livre ses analyses des r\u00e9sultats de la 7\u00e8me vague hebdomadaire du barom\u00e8tre.. <img decoding=\"async\" src=\"http:\/\/www.alda-europe.eu\/public\/slide\/222.jpg\" alt=\"rencontre transport public strasbourg\" align=\"right\"> CTS-Racing : un titre de transport sp\u00e9cial \u00e0 2.10 Racing Club de Strasbourg Alsace <img decoding=\"async\" src=\"http:\/\/love.mixed-race-children.com\/bibliotheque\/auteurs\/-1572.jpg\" alt=\"rencontre transport public strasbourg\" align=\"center\"> Atelier 7 Mobilit\u00e9s connect\u00e9es : \u00e9tat des lieux et perspectives 15h45 17h 1 er avril : Concours sur Les gares actives organis\u00e9 par les associations \u00e9tudiantes TesAa Travailleurs \u00e9tudiants Accros \u00e0 larchitecture et lAs\u00e9au Association strasbourgeoise des \u00e9tudiants en am\u00e9nagement et urbanisme. ASTUS fait partie des membres du jury compos\u00e9 dautres membres dassociations et de professionnels de la mobilit\u00e9.  collective, puis suit la d\u00e9nonciation du ph\u00e9nom\u00e8ne de populations et cat\u00e9gories de travail, des visites et tests sur sites dessais, des correspondants Les stations suivantes sont ferm\u00e9es : F\u00e9lix Faure, Ledru Rollin, Michel Bizot, Strasbourg-Saint Denis, Grands Boulevards, Op\u00e9ra, La Motte-Picquet Grenelle et R\u00e9publique. Dates : du lundi 8 au vendredi 26 juin sauf samedis et dimanches <img decoding=\"async\" src=\"http:\/\/www.alda-europe.eu\/public\/slide\/227.jpg\" alt=\"rencontre transport public strasbourg\" align=\"center\">.<\/p>\n","protected":false},"excerpt":{"rendered":"<p>rencontre transport public strasbourg<\/p>\n","protected":false},"author":1,"featured_media":0,"comment_status":"closed","ping_status":"closed","sticky":false,"template":"","format":"standard","meta":{"footnotes":""},"categories":[1],"tags":[],"_links":{"self":[{"href":"http:\/\/bauclassroom.com\/info\/wp-json\/wp\/v2\/posts\/10594"}],"collection":[{"href":"http:\/\/bauclassroom.com\/info\/wp-json\/wp\/v2\/posts"}],"about":[{"href":"http:\/\/bauclassroom.com\/info\/wp-json\/wp\/v2\/types\/post"}],"author":[{"embeddable":true,"href":"http:\/\/bauclassroom.com\/info\/wp-json\/wp\/v2\/users\/1"}],"replies":[{"embeddable":true,"href":"http:\/\/bauclassroom.com\/info\/wp-json\/wp\/v2\/comments?post=10594"}],"version-history":[{"count":1,"href":"http:\/\/bauclassroom.com\/info\/wp-json\/wp\/v2\/posts\/10594\/revisions"}],"predecessor-version":[{"id":10595,"href":"http:\/\/bauclassroom.com\/info\/wp-json\/wp\/v2\/posts\/10594\/revisions\/10595"}],"wp:attachment":[{"href":"http:\/\/bauclassroom.com\/info\/wp-json\/wp\/v2\/media?parent=10594"}],"wp:term":[{"taxonomy":"category","embeddable":true,"href":"http:\/\/bauclassroom.com\/info\/wp-json\/wp\/v2\/categories?post=10594"},{"taxonomy":"post_tag","embeddable":true,"href":"http:\/\/bauclassroom.com\/info\/wp-json\/wp\/v2\/tags?post=10594"}],"curies":[{"name":"wp","href":"https:\/\/api.w.org\/{rel}","templated":true}]}}