{"id":10692,"date":"2020-10-14T03:55:35","date_gmt":"2020-10-14T03:55:35","guid":{"rendered":"http:\/\/bauclassroom.com\/info\/?p=10692"},"modified":"2020-10-04T21:37:27","modified_gmt":"2020-10-04T21:37:27","slug":"une-rencontre-jean-vanier","status":"publish","type":"post","link":"http:\/\/bauclassroom.com\/info\/2020\/10\/14\/une-rencontre-jean-vanier\/","title":{"rendered":"Une Rencontre Jean Vanier"},"content":{"rendered":"<p>Les paroles quil a prononc\u00e9es sur la place Saint-Pierre montrent clairement quil partageait une passion commune pour la parole \u00e9vang\u00e9lique de lunit\u00e9 : En accueillant des personnes handicap\u00e9es de diff\u00e9rentes confessions chr\u00e9tiennes et en accueillant des musulmans, des juifs et des hindous, nous avons d\u00e9couvert combien les pauvres peuvent nous unir. Des hommes et des femmes appartenant \u00e0 des \u00c9glises et des religions diff\u00e9rentes nous font d\u00e9couvrir le myst\u00e8re de notre humanit\u00e9 commune. Nous d\u00e9couvrons que si nous accueillons un pauvre, il nous conduit au Dieu damour, il nous conduit \u00e0 J\u00e9sus. Un peu partout comme ici place ronde \u00e0 Toul chez Patou, le bonheur simple du petit caf\u00e9, de la premi\u00e8re gorg\u00e9e de bi\u00e8re et du partage, m\u00eame \u00e0 bonne distance : un art de vivre qui nous rassemble! Merci aux plus de 500 personnes qui, dans pr\u00e8s de 100 \u00e9tablissements caf\u00e9s, restaurants., donnent sur notre circonscription des couleurs au quotidien! Le message de Jean Vanier bouscule les tabous et rend hommage \u00e0 la vuln\u00e9rabilit\u00e9. Ce film au message puissant et universel est un v\u00e9ritable plaidoyer pour la Paix. Dans la mesure o\u00f9 nous acceptons nos blessures, nous entrons dans le chemin de lunit\u00e9 ; dans la mesure o\u00f9 nous refusons de regarder notre v\u00e9rit\u00e9, nous maintenons une cassure \u00e0 lint\u00e9rieur de nous-m\u00eame. Journaliste chez FrenchWeb-DECODE.MEDIAPour communiquer sur FrenchWeb ou le Journal des RH, Premier choix des Nordiques de Qu\u00e9bec en 1993, il aura jou\u00e9 pendant 16 ans dans la LNH et plus de participer au match des \u00e9toiles en 2003. Oui, la scolarisation des \u00e9l\u00e8ves en pr\u00e9sentiel repose sur le libre choix des responsables l\u00e9gaux du ou des enfants. Ce qui \u00e9merge autour de l\u00e9cologie et de tous ces mouvements qui LAssociation de LArche \u00e0 Lyon est affili\u00e9e \u00e0 la F\u00e9d\u00e9ration de LArche en France LArche..lhistoire dune rencontre <img decoding=\"async\" src=\"http:\/\/images.niooz.fr\/safe_image.php?clean=1&#038;width=600&#038;i=\/cache\/mediaid\/2\/5\/5\/8\/2\/8\/25582852.jpg\" alt=\"une rencontre jean vanier\" align=\"left\"> Nous utilisons les t\u00e9moins de navigation cookies afin dop\u00e9rer et dam\u00e9liorer nos services ainsi qu\u00e0 des fins publicitaires. Saks va d\u00e9ployer un nouveau syst\u00e8me de retour valet : le client, \u00e0 lapproche du magasin, envoie un SMS \u00e0 un vendeur qui se trouve dans le magasin. Celui-ci va \u00e0 la rencontre du client \u00e0 lentr\u00e9e, ou m\u00eame \u00e0 lext\u00e9rieur du magasin, afin de traiter le retour. Pour tenter de comprendre, les deux actuels responsables de lassociation insistent sur limportance de commencer par le d\u00e9but, la rencontre entre Thomas Philippe, th\u00e9ologien prometteur qui vient de fonder un centre spirituel r\u00e9put\u00e9 dans l\u00c9glise, lEau vive, et Jean Vanier, jeune Canadien qui sort de la marine apr\u00e8s avoir v\u00e9cu la Seconde Guerre mondiale et qui cherche un sens \u00e0 sa vie. Ce dernier la toujours dit : le pr\u00eatre \u00e9tait son mod\u00e8le et lest rest\u00e9, dans son esprit, jusqu\u00e0 la fin de sa vie. En 1952, ce p\u00e8re spirituel est poursuivi lors dun proc\u00e8s canonique pour abus sexuels sur deux femmes qui ont contact\u00e9 l\u00c9glise catholique. Il est condamn\u00e9 en 1956 \u00e0 la peine de d\u00e9position : interdiction denseigner, dexercer tout minist\u00e8re et dadministrer tout sacrement. La raison de cette sanction, la plus haute avant le renvoi de l\u00e9tat cl\u00e9rical : des th\u00e9ories qualifi\u00e9es de fausse mystique quil d\u00e9ployait pour convaincre ses victimes davoir des rapports sexuels avec lui et justifier quil enfreigne son v\u0153u de chastet\u00e9. Linformation compl\u00e8te \u00e9tait sous le sceau du secret pontifical et na \u00e9t\u00e9 exhum\u00e9 quapr\u00e8s une enqu\u00eate canonique men\u00e9e en 2015. B\u00e9n\u00e9ficiez dune exposition publicitaire mod\u00e9r\u00e9e Le c\u0153ur de lhomme, cest rencontrer. Rencontrer le c\u0153ur profond. Ne pas vouloir toujours plus. D\u00e9couvrir que chacun est un tr\u00e9sor. Nous sommes dans un monde o\u00f9 il y a tellement de conflits Le drame est l\u00e9cart, entre riches et pauvres. Le sens est d\u00eatre ensemble Le socialisme, cest aussi \u00e7a. Que Dieu vous donne la force, le courage et la sagesse. Que Dieu vous donne cette force pour continuer. Laurence Chartier rencontre Jean Vanier \u00e0 Trosly-Breuil, lieu de fondation de la premi\u00e8re communaut\u00e9 de lArche, o\u00f9 il r\u00e9side toujours. Dans lintimit\u00e9 dun t\u00eate \u00e0 t\u00eate, il relit le parcours de sa vie \u00e0 la lumi\u00e8re de sa foi en Dieu.  Mgr le comte de Paris rend hommage \u00e0 Monsieur Jean Vanier, fondateur de lArche-Le blog de La Couronne de lassociation La Porte Ouverte, avec la participation de Un homme qui pr\u00eache la pauvret\u00e9 sous les ors de la R\u00e9publique, a pour amis des fous comme des c\u00e9l\u00e9brit\u00e9s, et les fait se rencontrer en riant : tel \u00e9tait Jean Vanier, lune des figures majeures du monde chr\u00e9tien, mort mardi 7 mai \u00e0 la maison m\u00e9dicale Jeanne-Garnier, \u00e0 Paris. Affaibli par un cancer depuis plusieurs semaines, il sest \u00e9teint tranquillement cette nuit, entour\u00e9 de quelques proches, a pr\u00e9cis\u00e9 lArche. Il avait 90 ans. Promis \u00e0 une brillante carri\u00e8re militaire, ce fils de Gouverneur G\u00e9n\u00e9ral du Canada fait le choix de mettre sa vie au service des plus faibles.   Je sais \u00e0 quel point un rep\u00eachage, cest important. Je veux \u00eatre l\u00e0. Si je ne peux pas \u00eatre l\u00e0, acheter l\u00e9quipe ne mint\u00e9resse pas! JEAN VANIER, LE SACREMENT DE LA TENDRESSE ProjectionRencontre Les autorit\u00e9s sanitaires ont d\u00e9fini les conditions dans lesquelles les \u00e9coles et \u00e9tablissements scolaires peuvent accueillir les \u00e9l\u00e8ves \u00e0 compter du 11 mai 2020. Ces sont publi\u00e9es sur le site du minist\u00e8re des Solidarit\u00e9s et de la Sant\u00e9. <img decoding=\"async\" src=\"http:\/\/scd.rfi.fr\/sites\/filesrfi\/imagecache\/rfi_16x9_1024_578\/sites\/images.rfi.fr\/files\/aef_image\/image_13_0.jpg\" alt=\"une rencontre jean vanier\" align=\"right\"> Jean Vanier est courageux audacieux et endurant, juste et exigeant. Il passe des messages de fond sur ce quil a appris, v\u00e9cu et d\u00e9couvert \u00e0 lArche mais aussi dans la forme lorsquil accepte de donner certaines conf\u00e9rences en fixant ses conditions. Celle de faire un lavement des pieds entre responsables d\u00e9glises ennemies par exemple. <img decoding=\"async\" src=\"http:\/\/www.arche-grasse.org\/sites\/www.arche-grasse.org\/files\/imagecache\/actualite_page\/actualites\/groupe_0.jpg.crop_display.jpg\" alt=\"une rencontre jean vanier\" align=\"right\"> Plus encore, alors jeune homme, dans les ann\u00e9es 1950, il aurait lui-m\u00eame partag\u00e9 avec des femmes consentantes certaines des pratiques sexuelles de son mentor. Qui sont les victimes connues?<\/p>\n","protected":false},"excerpt":{"rendered":"<p>une rencontre jean vanier<\/p>\n","protected":false},"author":1,"featured_media":0,"comment_status":"closed","ping_status":"closed","sticky":false,"template":"","format":"standard","meta":{"footnotes":""},"categories":[1],"tags":[],"_links":{"self":[{"href":"http:\/\/bauclassroom.com\/info\/wp-json\/wp\/v2\/posts\/10692"}],"collection":[{"href":"http:\/\/bauclassroom.com\/info\/wp-json\/wp\/v2\/posts"}],"about":[{"href":"http:\/\/bauclassroom.com\/info\/wp-json\/wp\/v2\/types\/post"}],"author":[{"embeddable":true,"href":"http:\/\/bauclassroom.com\/info\/wp-json\/wp\/v2\/users\/1"}],"replies":[{"embeddable":true,"href":"http:\/\/bauclassroom.com\/info\/wp-json\/wp\/v2\/comments?post=10692"}],"version-history":[{"count":1,"href":"http:\/\/bauclassroom.com\/info\/wp-json\/wp\/v2\/posts\/10692\/revisions"}],"predecessor-version":[{"id":10693,"href":"http:\/\/bauclassroom.com\/info\/wp-json\/wp\/v2\/posts\/10692\/revisions\/10693"}],"wp:attachment":[{"href":"http:\/\/bauclassroom.com\/info\/wp-json\/wp\/v2\/media?parent=10692"}],"wp:term":[{"taxonomy":"category","embeddable":true,"href":"http:\/\/bauclassroom.com\/info\/wp-json\/wp\/v2\/categories?post=10692"},{"taxonomy":"post_tag","embeddable":true,"href":"http:\/\/bauclassroom.com\/info\/wp-json\/wp\/v2\/tags?post=10692"}],"curies":[{"name":"wp","href":"https:\/\/api.w.org\/{rel}","templated":true}]}}