{"id":10792,"date":"2020-10-14T05:48:25","date_gmt":"2020-10-14T05:48:25","guid":{"rendered":"http:\/\/bauclassroom.com\/info\/?p=10792"},"modified":"2020-10-05T00:43:32","modified_gmt":"2020-10-05T00:43:32","slug":"rencontre-entre-nadal-et-federer","status":"publish","type":"post","link":"http:\/\/bauclassroom.com\/info\/2020\/10\/14\/rencontre-entre-nadal-et-federer\/","title":{"rendered":"Rencontre Entre Nadal Et Federer"},"content":{"rendered":"<p><img decoding=\"async\" src=\"http:\/\/agiteur.com\/wp-content\/uploads\/2016\/06\/Anecdotes-Roland-Garros.jpg\" alt=\"rencontre entre nadal et federer\" align=\"center\"> Le Suisse sest impos\u00e9, dimanche \u00e0 Melbourne, en cinq sets 6-4, 3-6, 6-1, 3-6, 6-3, six ans apr\u00e8s sa derni\u00e8re rencontre avec lEspagnol en finale de Grand Chelem. 2012 : Rotterdam, Duba\u00ef, Indian Wells, Madrid, Cincinnati Sorry, you have been blocked You are unable to access cnews.fr 20h44: Roger Federer remporte sur le 40e Fedal face \u00e0 Nadal! Il pourra affronter Djokovic en finale dimanche. Mais quelle fin de match. Entre ces deux-l\u00e0, cest quand m\u00eame toujours sp\u00e9cial.  18h20: Ace puis service gagnant puis ace..Un air de d\u00e9j\u00e0-vu.. 40-0 Ce mardi, Beno\u00eet Paire a propos\u00e9 a Cyril Hanouna de devenir son entra\u00eeneur durant.. Tennis Roger Federer et Rafael Nadal se feront face sur un court de tennis ce vendredi au Cap en Afrique du Sud pour une exhibition en faveur de la fondation du Suisse. La rencontre intitul\u00e9e The match in Africa 6 sera diffus\u00e9e en direct exclusif \u00e0 partir de 19h30 sur Eurosport 1 et d\u00e8s 20h45 sur la cha\u00eene lEquipe! <img decoding=\"async\" src=\"http:\/\/objectifnumero1.com\/wp-content\/uploads\/2018\/09\/rafael-nadal-parle-de-roger-federer-590x590.jpg\" alt=\"rencontre entre nadal et federer\" align=\"left\"> 51954 spectateurs r\u00e9unis pour un match caritatif entre Nadal et Federer! 20h41: Et Federer qui sort un ace dans la foul\u00e9e. Nouvelle balle match!  Au cours de ce match caritatif de double en faveur du tremblement de terre d, Federer, associ\u00e9 \u00e0, remporte le match face \u00e0 Nadal et 86. Sp\u00e9cialiste sports m\u00e9caniques F1, WRC, Endurance, Formule E, IndyCar, MotoGP et handball. Passionn\u00e9 de tennis, ski, foot US et curling. Touche \u00e0 tout du sport qui a voulu partager \u00e7a avec vous. Pas footeux dans l\u00e2me mais Parisien jusqu\u00e0 la moelle. El finaliz\u00f3 con el triunfo de Roger Federer ante Rafael Nadal por 6-4 3-6 6-3. Gran partido y exhibici\u00f3n de las dos leyendas del tenis mundial!?? Tenis Zone TenisZoneOk moins de 2 heures, il terrasse Federer 6-1, 6-3, 6-0. Wimbledon 2008 : <img decoding=\"async\" src=\"http:\/\/archive.francesoir.fr\/sites\/default\/files\/dynimagecache\/0\/2610\/1855\/870-0-2610-1855-494-351\/sipa_rex40179584_000002.jpg\" alt=\"rencontre entre nadal et federer\" align=\"right\"> La finale de la Coupe Davis sest achev\u00e9e dimanche apr\u00e8s-midi \u00e0 Lille par une \u00e9clatante victoire de.. Publi\u00e9 le 23112014 MATCH NADAL-FEDERER 2019-Rafael Nadal et Roger Federer sont oppos\u00e9s aujourdhui demi-finale de Roland Garros. Diffusion TV, streaming.. A quelle heure et sur quelle cha\u00eene voir le match en direct? Quel pronostic Ce choc entre deux l\u00e9gendes du tennis cumulant plus de 40 confrontations directes et 39 titres du Grand Chelem aura une dimension \u00e9motionnelle particuli\u00e8re pour le Suisse, puisquil sagit de son premier match en Afrique du Sud, pays dans lequel sa m\u00e8re a v\u00e9cu jusqu\u00e0 l\u00e2ge de 21 ans. Cette rencontre devrait rassembler 48 000 spectateurs au Cape Town Stadium.  Je pense quil y aura plus de tournois r\u00e9gionaux avec des prix. Je pense que cest ce quil va se passer tr\u00e8s bient\u00f4t, a affirm\u00e9 le Serbe lors dun direct sur Instagram avec Fabio Fognini.<\/p>\n","protected":false},"excerpt":{"rendered":"<p>rencontre entre nadal et federer<\/p>\n","protected":false},"author":1,"featured_media":0,"comment_status":"closed","ping_status":"closed","sticky":false,"template":"","format":"standard","meta":{"footnotes":""},"categories":[1],"tags":[],"_links":{"self":[{"href":"http:\/\/bauclassroom.com\/info\/wp-json\/wp\/v2\/posts\/10792"}],"collection":[{"href":"http:\/\/bauclassroom.com\/info\/wp-json\/wp\/v2\/posts"}],"about":[{"href":"http:\/\/bauclassroom.com\/info\/wp-json\/wp\/v2\/types\/post"}],"author":[{"embeddable":true,"href":"http:\/\/bauclassroom.com\/info\/wp-json\/wp\/v2\/users\/1"}],"replies":[{"embeddable":true,"href":"http:\/\/bauclassroom.com\/info\/wp-json\/wp\/v2\/comments?post=10792"}],"version-history":[{"count":1,"href":"http:\/\/bauclassroom.com\/info\/wp-json\/wp\/v2\/posts\/10792\/revisions"}],"predecessor-version":[{"id":10793,"href":"http:\/\/bauclassroom.com\/info\/wp-json\/wp\/v2\/posts\/10792\/revisions\/10793"}],"wp:attachment":[{"href":"http:\/\/bauclassroom.com\/info\/wp-json\/wp\/v2\/media?parent=10792"}],"wp:term":[{"taxonomy":"category","embeddable":true,"href":"http:\/\/bauclassroom.com\/info\/wp-json\/wp\/v2\/categories?post=10792"},{"taxonomy":"post_tag","embeddable":true,"href":"http:\/\/bauclassroom.com\/info\/wp-json\/wp\/v2\/tags?post=10792"}],"curies":[{"name":"wp","href":"https:\/\/api.w.org\/{rel}","templated":true}]}}