{"id":10856,"date":"2020-10-15T01:04:58","date_gmt":"2020-10-15T01:04:58","guid":{"rendered":"http:\/\/bauclassroom.com\/info\/?p=10856"},"modified":"2020-10-05T02:44:15","modified_gmt":"2020-10-05T02:44:15","slug":"rencontre-annuelle-bourget-2012","status":"publish","type":"post","link":"http:\/\/bauclassroom.com\/info\/2020\/10\/15\/rencontre-annuelle-bourget-2012\/","title":{"rendered":"Rencontre Annuelle Bourget 2012"},"content":{"rendered":"<p>LUOIF regrette linterdiction de pr\u00e9dicateurs mod\u00e9r\u00e9s-Challenges et Hanan Ben Rhouma,, sur Quotidien dactualit\u00e9 sur le fait musulman en France consult\u00e9 le 25 janvier 2019 Toutes les \u00e9ditions papier Magazine Humanit\u00e9 Dimanche tout le site humanite.fr en illimit\u00e9 <img decoding=\"async\" src=\"http:\/\/www.puortaldovt.cf\/cache\/avatars\/41249_1524523639_fr.png\" alt=\"rencontre annuelle bourget 2012\" align=\"left\">  En poursuivant votre navigation sur ce site, vous acceptez lutilisation de cookies susceptibles de r\u00e9aliser des statistiques de visites ou de suivre votre parcours pour vous garantir une meilleure exp\u00e9rience. Nous vous recommandons de venir en transport en commun. Prenez le RER B jusqu\u00e0 la gare du Bourget sans changement puis prendre ensuite le bus cest faisable \u00e0 pied. Le parking est payant. De son c\u00f4t\u00e9, Nicolas Sarkozy avait mis en garde lUOIF contre tout porteur de messages dappels \u00e0 la violence, \u00e0 la haine, \u00e0 lantis\u00e9mitisme. Des propos qui avaient particuli\u00e8rement exasp\u00e9r\u00e9 les organisateurs de lUOIF. Plusieurs conf\u00e9renciers, dont lintellectuel suisse, ont critiqu\u00e9 le gouvernement et Nicolas Sarkozy qui, selon eux, stigmatisent les musulmans dans un contexte \u00e9lectoral. Un espace enfant est sp\u00e9cialement con\u00e7u par tranches d\u00e2ges : garderie sous condition de propret\u00e9 des petits de 3 ans \u00e0 12 ans avec trois secteurs en fonction de l\u00e2ge. Trois tranches horaires : 10h \u00e0 12h45 14h15 \u00e0 16h45 et de 18h15 \u00e0 21h. Les horaires douverture du salon Laffaire Qaradawi est embl\u00e9matique. Nous avons d\u00e9j\u00e0 parl\u00e9 du fait que le gouvernement a fait en sorte quil ne vienne pas en France, et surtout quil repr\u00e9sentait une pens\u00e9e totalement r\u00e9actionnaire, ancr\u00e9e dans lantis\u00e9mitisme. Heure : de 10h \u00e0 20h, adresse : Maison du Maroc, 8 rue fort Notre Dame vieux port Marseille   Ces structures ont leurs limites. Laccouchement en maison de naissance doit se limiter aux grossesses les moins risqu\u00e9es. Et comme le risque nest jamais vraiment absent, elles Lune des affiches montre une jeune femme dont le visage est barr\u00e9 dune phrase: Mabstenir na pas rendu mon monde meilleur. Un message radio de la m\u00eame campagne fait entendre fraternit\u00e9 ; une d\u00e9mocratie renouvel\u00e9e et une Europe des citoyens. Vous pouvez encore le signer sur. Les musulmans se sentent bless\u00e9s, stigmatis\u00e9s a regrett\u00e9 vendredi le pr\u00e9sident de lUOIF \u00e0 louverture de sa rencontre annuelle. Lambiance y est tendue apr\u00e8s les mises en garde du gouvernement contre les porteurs de haine et la multiplication dop\u00e9rations anti-islamistes. TVA Nouvelles Lactualit\u00e9 de derni\u00e8re heure en temps r\u00e9el <img decoding=\"async\" src=\"http:\/\/www.hostpic.org\/images\/1601311939470118.jpg\" alt=\"rencontre annuelle bourget 2012\" align=\"center\"> <img decoding=\"async\" src=\"http:\/\/www.note.anglersacademy.org\/media\/00\/00\/1995882932.jpg\" alt=\"rencontre annuelle bourget 2012\" align=\"left\"> Outre ces interdictions, une trentaine dislamistes radicaux pr\u00e9sum\u00e9s ont \u00e9t\u00e9 arr\u00eat\u00e9s et six autres ont \u00e9t\u00e9 expuls\u00e9s depuis les attentats meurtriers de Toulouse et Montauban, perp\u00e9tr\u00e9s par Mohamed Merah, le tueur au scooter et qui ont fait sept victimes, trois militaires et quatre Juifs, dont trois enfants. Vendredi, le ministre de lInt\u00e9rieur a annonc\u00e9 quune personne sous statut de r\u00e9fugi\u00e9 politique avait \u00e9t\u00e9 interpell\u00e9e la veille, dans le cadre des op\u00e9rations anti-islamistes des derniers jours et quelle sera assign\u00e9e \u00e0 r\u00e9sidence. Selon Claude Gu\u00e9ant, nous observons, dans un certain nombre de milieux islamistes, une recrudescence denthousiasme, des d\u00e9sirs de venger Merah, de suivre son exemple, etc. Cr\u00e9ateur, en un si\u00e8cle, dune centaine de prototypes et de plus de 10 000 avions vendus dans 90 pays. 2 Une varve est une strate s\u00e9dimentaire qui sest d\u00e9pos\u00e9e en une ann\u00e9e, au fond dun lac. La stratif Nabil Ennasri, qui est consid\u00e9r\u00e9 par comme un chercheur proche des.<\/p>\n","protected":false},"excerpt":{"rendered":"<p>rencontre annuelle bourget 2012<\/p>\n","protected":false},"author":1,"featured_media":0,"comment_status":"closed","ping_status":"closed","sticky":false,"template":"","format":"standard","meta":{"footnotes":""},"categories":[1],"tags":[],"_links":{"self":[{"href":"http:\/\/bauclassroom.com\/info\/wp-json\/wp\/v2\/posts\/10856"}],"collection":[{"href":"http:\/\/bauclassroom.com\/info\/wp-json\/wp\/v2\/posts"}],"about":[{"href":"http:\/\/bauclassroom.com\/info\/wp-json\/wp\/v2\/types\/post"}],"author":[{"embeddable":true,"href":"http:\/\/bauclassroom.com\/info\/wp-json\/wp\/v2\/users\/1"}],"replies":[{"embeddable":true,"href":"http:\/\/bauclassroom.com\/info\/wp-json\/wp\/v2\/comments?post=10856"}],"version-history":[{"count":1,"href":"http:\/\/bauclassroom.com\/info\/wp-json\/wp\/v2\/posts\/10856\/revisions"}],"predecessor-version":[{"id":10857,"href":"http:\/\/bauclassroom.com\/info\/wp-json\/wp\/v2\/posts\/10856\/revisions\/10857"}],"wp:attachment":[{"href":"http:\/\/bauclassroom.com\/info\/wp-json\/wp\/v2\/media?parent=10856"}],"wp:term":[{"taxonomy":"category","embeddable":true,"href":"http:\/\/bauclassroom.com\/info\/wp-json\/wp\/v2\/categories?post=10856"},{"taxonomy":"post_tag","embeddable":true,"href":"http:\/\/bauclassroom.com\/info\/wp-json\/wp\/v2\/tags?post=10856"}],"curies":[{"name":"wp","href":"https:\/\/api.w.org\/{rel}","templated":true}]}}