{"id":10862,"date":"2020-10-15T06:44:39","date_gmt":"2020-10-15T06:44:39","guid":{"rendered":"http:\/\/bauclassroom.com\/info\/?p=10862"},"modified":"2020-10-05T02:49:11","modified_gmt":"2020-10-05T02:49:11","slug":"rencontre-prefon","status":"publish","type":"post","link":"http:\/\/bauclassroom.com\/info\/2020\/10\/15\/rencontre-prefon\/","title":{"rendered":"Rencontre Prefon"},"content":{"rendered":"<p>La fiscalit\u00e9 applicable lors de la liquidation du Plan Epargne Retraite PER, au moment du d\u00e9part \u00e0 la retraite, d\u00e9pend du mode de versement des primes. Un compl\u00e9ment de revenu sous la forme exclusive de rente. Pour acc\u00e9der, pour vous et vos proches, \u00e0 des solutions de confiance pour rester autonome dans un domicile confortable. <img decoding=\"async\" src=\"http:\/\/mycomontreal.qc.ca\/wp-content\/uploads\/2017\/01\/Logo-NAMA.gif\" alt=\"rencontre prefon\" align=\"left\"> It looks like you may be having problems playing this video. If so, please try restarting your browser.  Comp\u00e9tence et disponibilit\u00e9 de tous les instants pour cette brillante \u00e9quipe qui nous conseille avec pertinence en restant toujours conviviale. Les autres r\u00e8gles \u00e0 conna\u00eetre Dans le r\u00e9gime Pr\u00e9fon, les points issus des cotisations varient en fonction de l\u00e2ge de laffili\u00e9 au moment du versement. Pr\u00e9fon-retraite autorise la suspension des versements \u00e0 tout moment, sans p\u00e9nalit\u00e9. Pr\u00e9fon retraite autorise un rachat pour les ann\u00e9es ant\u00e9rieures \u00e0 laffiliation. Les cotisations Pr\u00e9fon-retraite vers\u00e9es \u00e0 compter du 1012004 ne sont d\u00e9sormais d\u00e9ductibles du revenu imposable que dans la limite dun plafond. <img decoding=\"async\" src=\"http:\/\/oregongoestocollege.org\/sites\/default\/files\/pictures\/caw.gif\" alt=\"rencontre prefon\" align=\"center\"> Gestion de votre argent au quotidien et financement de vos projets \u03a3\u03b1\u03ba\u03af\u03b4\u03b9\u03bf \u03c7\u03c9\u03c1\u03b7\u03c4\u03b9\u03ba\u03cc\u03c4\u03b7\u03c4\u03b1\u03c2 15 L \u03c3\u03c7\u03b5\u03b4\u03b9\u03b1\u03c3\u03bc\u03ad\u03bd\u03bf \u03b3\u03b9\u03b1 \u03b1\u03b8\u03bb\u03b7\u03c4\u03ad\u03c2 \u03c0\u03bf\u03c5 \u03ba\u03b1\u03bb\u03cd\u03c0\u03c4\u03bf\u03c5\u03bd \u03bc\u03b5\u03b3\u03ac\u03bb\u03b5\u03c2 \u03b1\u03c0\u03bf\u03c3\u03c4\u03ac\u03c3\u03b5\u03b9\u03c2 \u03ba\u03b1\u03b9 \u03c7\u03c1\u03b5\u03b9\u03ac\u03b6\u03bf\u03bd\u03c4\u03b1\u03b9 \u03c7\u03ce\u03c1\u03bf \u03b3\u03b9\u03b1 \u03bd\u03b1 \u03b1\u03c0\u03bf\u03b8\u03b7\u03ba\u03b5\u03cd\u03c3\u03bf\u03c5\u03bd \u03bd\u03b5\u03c1\u03cc, \u03c1\u03bf\u03cd\u03c7\u03b1, \u03c6\u03b1\u03b3\u03b7\u03c4\u03cc \u03ba\u03b1\u03b9 \u03b5\u03be\u03bf\u03c0\u03bb\u03b9\u03c3\u03bc\u03cc. Les dispositifs de retraite suppl\u00e9mentaire facultative article 39, article 83, article 82, Pr\u00e9fon repr\u00e9sentaient, au 31 d\u00e9cembre 2009, seulement 2,3 du total des prestations de retraite, selon une \u00e9tude que vient de publier la.. C es rencontres complices transmettent bien plus que le savoir. Elles communiquent le feu sacr\u00e9. Cest ainsi que je pr\u00e9sente mes conf\u00e9rences par lapport de mes connaissances, de mes exp\u00e9riences et de la passion qui ma \u00e9t\u00e9 donn\u00e9e.   1998-2020 SUD \u00e9ducation D\u00e9claration CNIL 1057487 Une des principales associations dassur\u00e9s en France qui a pour mission de souscrire des contrats dassurance vie associatifs et de contribuer \u00e0 leur \u00e9volution en concertation avec AXA. Retrouvez le simulateur de retraite Boursorama, loutil parfait pour la simulation et le calcul de votre retraite. Retraite de base-Il existe diff\u00e9rents moyens pour valoriser au mieux sa fin de carri\u00e8re. Tour dhorizon.. En France, des accords locaux ont \u00e9t\u00e9 sign\u00e9s.. Gr\u00e2ce \u00e0 votre mutuelle sant\u00e9 AXA, vous profitez davantages exclusifs dans notre r\u00e9seau de partenaires de sant\u00e9 ITELIS. Des r\u00e9ductions et de meilleurs remboursements toute lann\u00e9e, pensez-y! Depuis, les organisations syndicales et patronales \u00e9laboraient les conditions de l\u00e9mergence de ce qui allait devenir un droit social \u00e0 la une retraite compl\u00e9mentaire pour les salari\u00e9s du secteur priv\u00e9. Sollicit\u00e9 sur la mise en place dune initiative similaire chez les fonctionnaires par les repr\u00e9sentants des fonctionnaires issus des organisations syndicales, l\u00c9tat, entendu comme employeur des fonctionnaires, opposait un refus \u00e0 la mise en place dun tel droit. La situation des retrait\u00e9s de la Fonction publique \u00e9tait doublement sp\u00e9cifique. Dune part car il nexiste pas de situation unifi\u00e9e de calcul de la retraite pour les agents publics : le calcul de la pension diff\u00e8re suivant le statut dans lemploi titulaire ou non titulaire et le type de fonction publique fonction publique d\u00c9tat, fonction publique hospitali\u00e8re et fonction publique des collectivit\u00e9s territoriales. Dautre part, car le calcul de la pension se basait exclusivement sur le traitement, ne prenant pas en compte les primes et indemnit\u00e9s qui constituent chez certaines cat\u00e9gories de fonctionnaires une part importante du revenu total. Dans le cas de la Fonction publique d\u00c9tat, le Code des pensions civiles et militaires de 1948 fixait le niveau de remplacement de la pension \u00e0 75 de la moyenne des six derniers traitements du fonctionnaire. Ce mode de calcul ne prenant pas en compte la totalit\u00e9 du revenu des fonctionnaires, les organisations syndicales de la Fonction publique dans leur ensemble r\u00e9clamaient quune r\u00e9ponse soit apport\u00e9e pour rem\u00e9dier \u00e0 la situation. Nos experts vous conseillent du lundi au vendredi de 9h \u00e0 19h. <img decoding=\"async\" src=\"http:\/\/www.ryandeboodt.com\/images\/Oregon-Glacier-Cave.jpg\" alt=\"rencontre prefon\" align=\"left\"> serait autant de difficult\u00e9s suppl\u00e9mentaires pour le budget de lEtat et pour la s\u00e9curit\u00e9 sociale retraites et.<\/p>\n","protected":false},"excerpt":{"rendered":"<p>rencontre prefon<\/p>\n","protected":false},"author":1,"featured_media":0,"comment_status":"closed","ping_status":"closed","sticky":false,"template":"","format":"standard","meta":{"footnotes":""},"categories":[1],"tags":[],"_links":{"self":[{"href":"http:\/\/bauclassroom.com\/info\/wp-json\/wp\/v2\/posts\/10862"}],"collection":[{"href":"http:\/\/bauclassroom.com\/info\/wp-json\/wp\/v2\/posts"}],"about":[{"href":"http:\/\/bauclassroom.com\/info\/wp-json\/wp\/v2\/types\/post"}],"author":[{"embeddable":true,"href":"http:\/\/bauclassroom.com\/info\/wp-json\/wp\/v2\/users\/1"}],"replies":[{"embeddable":true,"href":"http:\/\/bauclassroom.com\/info\/wp-json\/wp\/v2\/comments?post=10862"}],"version-history":[{"count":1,"href":"http:\/\/bauclassroom.com\/info\/wp-json\/wp\/v2\/posts\/10862\/revisions"}],"predecessor-version":[{"id":10863,"href":"http:\/\/bauclassroom.com\/info\/wp-json\/wp\/v2\/posts\/10862\/revisions\/10863"}],"wp:attachment":[{"href":"http:\/\/bauclassroom.com\/info\/wp-json\/wp\/v2\/media?parent=10862"}],"wp:term":[{"taxonomy":"category","embeddable":true,"href":"http:\/\/bauclassroom.com\/info\/wp-json\/wp\/v2\/categories?post=10862"},{"taxonomy":"post_tag","embeddable":true,"href":"http:\/\/bauclassroom.com\/info\/wp-json\/wp\/v2\/tags?post=10862"}],"curies":[{"name":"wp","href":"https:\/\/api.w.org\/{rel}","templated":true}]}}