{"id":10870,"date":"2020-10-15T16:38:49","date_gmt":"2020-10-15T16:38:49","guid":{"rendered":"http:\/\/bauclassroom.com\/info\/?p=10870"},"modified":"2020-10-05T03:13:50","modified_gmt":"2020-10-05T03:13:50","slug":"rencontre-action-clermont-ferrand","status":"publish","type":"post","link":"http:\/\/bauclassroom.com\/info\/2020\/10\/15\/rencontre-action-clermont-ferrand\/","title":{"rendered":"Rencontre Action Clermont Ferrand"},"content":{"rendered":"<p> <img decoding=\"async\" src=\"http:\/\/clermont.catholique.fr\/wp-content\/uploads\/2018\/09\/Invitation-Open-magis-CVX-jeunes_168.jpg\" alt=\"rencontre action clermont ferrand\" align=\"right\"> La CGT des \u00e9tablissements dEnseignement sup\u00e9rieur et de Recherche. Vous pourrez aussi profiter du stand Coaching CV et Entretiens, o\u00f9 des b\u00e9n\u00e9voles de lassociation, ainsi que des professionnels du Centre de Valorisation des Ressources Humaines, seront pr\u00e9sents pour revoir avec vous votre CV etou votre Lettre de Motivation. Une imprimante sera \u00e0 votre disposition pour imprimer vos documents de candidature. Forum Emploi Handicap Mercredi 29 Janvier \u00e0 19h00 salle Rameau au Conservatoire Emmanuel Chabrier La France et les relations \u00e9conomiques internationales de la Chine. Pour compl\u00e9ter la dimension historique, Marie-Fran\u00e7oise RENARD, Professeur \u00e0 lEcole dEconomie et Responsable de lInstitut de D\u00e9veloppement et de Recherche sur lEconomie de la Chine IDREC nous apportera une approche \u00e9conomique sur les 50 ans de relations \u00e9conomiques entre nos deux pays. <img decoding=\"async\" src=\"http:\/\/evenementielles.fr\/wp-content\/uploads\/2015\/11\/Affiche-Entrelles-A4-01franci-petit-format-1.jpg\" alt=\"rencontre action clermont ferrand\" align=\"center\"> Adresse : 178 Rue sous les Vignes, 63100 Clermont-Ferrand 9h30 Ouverture de la journ\u00e9e, propos dintroduction solennels Th\u00e8me : Accueil, marketing, advocacy : la biblioth\u00e8que musicale transmet <img decoding=\"async\" src=\"http:\/\/www.languageplay.co.uk\/resources\/Photoxpress_4388083.jpg.cropped1000x370o28%2C-233s948x759.jpg\" alt=\"rencontre action clermont ferrand\" align=\"center\">  Exploiter une base documentaire \u00e9conomique, juridique ou manag\u00e9riale, En direct de Clermont-Ferrand ce jeudi 7 Novembre 2019 Les syndiqu\u00e9es peuvent participer pleinement \u00e0 la vie du syndicat en d\u00e9battant et en d\u00e9finissant ses orientations. Lactivit\u00e9 du syndicat est essentiellement men\u00e9e par des militantes, en dehors de leur temps de travail Pour loccasion des WE DAYS, les entrepreneuses de la Maison Pour Rebondir se mobilisent pour vous proposer une r\u00e9flexion autour limportance de bien sentourer en tant que femme entrepreneure. Elles nous expliqueront en quoi leur succ\u00e8s entrepreneurial d\u00e9pend de la mani\u00e8re de sentourer des bonnes personnes ainsi que de pouvoir \u00eatre s\u00e9lectif quant au choix de ses partenaires T\u00e9moignage.  Catalogue Clermont FilmFest14-Sauve qui peut le court m\u00e9trage, Traces dImages-Google Books Le Gouvernement a d\u00e9cid\u00e9 de lancer un programme ambitieux de revitalisation de ces espaces urbains. Un plan pour les villes moyennes, dot\u00e9 de 5 milliards deuros r\u00e9partis sur cinq ans. Montlu\u00e7on, Moulins, Vichy, Riom, Thiers, Issoire, le Puy-en-Velay et Aurillac sont concern\u00e9es. Nicolas Beudon, conservateur de biblioth\u00e8ques. Auteur du blog Le Recueil Factice. Nicolas Beudon a coordonn\u00e9 la traduction du kit. Sensibilisation au sport-sant\u00e9 \u00e0 destination des comit\u00e9s d\u00e9partementaux, des clubs et du public scolaire. Service sanitaire des \u00e9tudiants en sant\u00e9 : premiers retours dans le champ de la pr\u00e9vention Rencontres Sant\u00e9 publique France.<\/p>\n","protected":false},"excerpt":{"rendered":"<p>rencontre action clermont ferrand<\/p>\n","protected":false},"author":1,"featured_media":0,"comment_status":"closed","ping_status":"closed","sticky":false,"template":"","format":"standard","meta":{"footnotes":""},"categories":[1],"tags":[],"_links":{"self":[{"href":"http:\/\/bauclassroom.com\/info\/wp-json\/wp\/v2\/posts\/10870"}],"collection":[{"href":"http:\/\/bauclassroom.com\/info\/wp-json\/wp\/v2\/posts"}],"about":[{"href":"http:\/\/bauclassroom.com\/info\/wp-json\/wp\/v2\/types\/post"}],"author":[{"embeddable":true,"href":"http:\/\/bauclassroom.com\/info\/wp-json\/wp\/v2\/users\/1"}],"replies":[{"embeddable":true,"href":"http:\/\/bauclassroom.com\/info\/wp-json\/wp\/v2\/comments?post=10870"}],"version-history":[{"count":1,"href":"http:\/\/bauclassroom.com\/info\/wp-json\/wp\/v2\/posts\/10870\/revisions"}],"predecessor-version":[{"id":10871,"href":"http:\/\/bauclassroom.com\/info\/wp-json\/wp\/v2\/posts\/10870\/revisions\/10871"}],"wp:attachment":[{"href":"http:\/\/bauclassroom.com\/info\/wp-json\/wp\/v2\/media?parent=10870"}],"wp:term":[{"taxonomy":"category","embeddable":true,"href":"http:\/\/bauclassroom.com\/info\/wp-json\/wp\/v2\/categories?post=10870"},{"taxonomy":"post_tag","embeddable":true,"href":"http:\/\/bauclassroom.com\/info\/wp-json\/wp\/v2\/tags?post=10870"}],"curies":[{"name":"wp","href":"https:\/\/api.w.org\/{rel}","templated":true}]}}