{"id":10902,"date":"2020-10-15T01:53:37","date_gmt":"2020-10-15T01:53:37","guid":{"rendered":"http:\/\/bauclassroom.com\/info\/?p=10902"},"modified":"2020-10-05T04:27:14","modified_gmt":"2020-10-05T04:27:14","slug":"rencontrer-roger-federer","status":"publish","type":"post","link":"http:\/\/bauclassroom.com\/info\/2020\/10\/15\/rencontrer-roger-federer\/","title":{"rendered":"Rencontrer Roger Federer"},"content":{"rendered":"<p>Publi\u00e9 le 15 mai 2020 \u00e0 15:48 Le basketteur international mont\u00e9n\u00e9grin a racont\u00e9 sa passion pour lOlympique Lyonnais et son meneur de jeu br\u00e9silien de g\u00e9nie qui a \u00e9volu\u00e9 \u00e0 lOL de 2001 \u00e0 2009. <img decoding=\"async\" src=\"http:\/\/static1.terrafemina.com\/articles\/2\/11\/96\/62\/@\/113872-roger-federer-nest-pas-le-gendre-ideal-opengraph_1200-1.jpg\" alt=\"rencontrer roger federer\" align=\"center\"> Oui, mais cest une frustration que jai un peu dig\u00e9r\u00e9e depuis. Il ne faut pas oublier quil a 37 ans. Cest un \u00e2ge n\u00e9anderthalien pour un sportif. Mais je pense quon le reverra \u00e0 Roland Garros lann\u00e9e prochaine. Federer aura envie de bien finir partout. Cest un gar\u00e7on bien \u00e9lev\u00e9, il aura peut-\u00eatre envie de venir nous dire au revoir. Est-ce un signe? Cest \u00e0 Paris quAgassi avait compl\u00e9t\u00e9 sa collection en battant un finaliste inattendu, Andre\u00ef Medvedev, au lendemain de la victoire de sa future \u00e9pouse Steffi Graf. LAm\u00e9ricain y \u00e9tait parvenu \u00e0 sa onzi\u00e8me participation. Or justement Federer, \u00e9galement d\u00e9barrass\u00e9 de ses principaux rivaux \u00e0 lheure de rencontrer Juan Martin Del Potro en demi-finale vendredi, dispute cette ann\u00e9e le tournoi parisien pour la onzi\u00e8me fois. Une all\u00e9e porte son nom \u00e0, inaugur\u00e9e le. La Roger-Federer-Allee All\u00e9e-Roger-Federer relie le centre national de au complexe sportif de la. Une autre rue porte \u00e9galement son nom \u00e0 en Allemagne, o\u00f9 Roger Federer a gagn\u00e9 plusieurs, sur, 20 juin 2010 consult\u00e9 le 6 juillet 2010 Huit joueuses vont jouer sur dur et huit joueurs sur terre battue, a pr\u00e9cis\u00e9 le directeur du tournoi David Trunda.  Le num\u00e9ro 1 mondial nous d\u00e9voile quelques secrets de son entra\u00eenement physique et cest pour le coup assez surprenant comme cette exercice..  <img decoding=\"async\" src=\"http:\/\/medias.lequipe.fr\/img-photo-jpg\/roger-federer-favori-de-l-us-open-a-r-ussi-ses-d-buts-flushing-meadows\/1500000000455922\/723:629,2048:1296-624-416-75\/01643.jpg\" alt=\"rencontrer roger federer\" align=\"right\"> M\u00eame les plus grands ont des failles. Oli SCARFF AFP. Le Suisse, d\u00e9j\u00e0 vainqueur de 20 Grands Chelems, rentre ainsi un peu plus dans lhistoire du tennis. Il devient le second joueur de l\u00e8re moderne depuis 1968 \u00e0 atteindre la barre des 100 troph\u00e9es en simple, apr\u00e8s lAm\u00e9ricain Jimmy Connors, qui en a compt\u00e9 109. Dautres documents sur Roger Federer sur le site des archives de la RTS:  2018 : 20 e titre en Grand Chelem et retour \u00e0 la 1 re place mondiale Roger Federer embrassant le troph\u00e9e lors de sa victoire \u00e0 l en. Le p\u00e9ril guettera Roger Federer no 3 d\u00e8s le troisi\u00e8me tour \u00e0 lOpen dAustralie. Selon toute vraisemblance, le B\u00e2lois affrontera lun des hommes qui monte sur le Circuit: Hubert Hurkacz no 31. <img decoding=\"async\" src=\"http:\/\/static3.uk.businessinsider.com\/image\/5b3396570255d436008b4710-480\/tennis-player-roger-federer-holds-his-awards-for-laureus-world-comeback-of-the-year-2018-and-laureus-world-sportsman-of-the-year-2018-during-the-laureus-world-sports-awards-2018-at-salle-des-etoiles-sporting-monte-carlo-on-february-27-2018-in-monaco-monaco.jpg\" alt=\"rencontrer roger federer\" align=\"center\"> India Times Getty Roger peRFect RogerOurNo1 Oui il en a d\u00e9j\u00e0 install\u00e9 une trentaine en Suisse Romande: des coll\u00e8ges priv\u00e9s de larc l\u00e9manique et plusieurs entreprises ont d\u00e9j\u00e0 franchit le pas. Le mod\u00e8le de base est vendu pour un peu moins de 900 francs. Lappareil est \u00e9galement disponible \u00e0 la location. Pour la petite histoire, l e plastique utilis\u00e9 pour sa fabrication est un polym\u00e8re compostable fabriqu\u00e9 en Suisse \u00e0 partir de betteraves sucri\u00e8res. Le module peut ainsi \u00eatre recycl\u00e9. Lentreprise propose dailleurs de le racheter au bout de 12 mois pour 100 francs pour lui donner une seconde vie. Pour le transformer par exemple en un capteur dalcool\u00e9mie autonome. Rien ne se perd tout se transforme. Du Covid aux bouteilles vides.<\/p>\n","protected":false},"excerpt":{"rendered":"<p>rencontrer roger federer<\/p>\n","protected":false},"author":1,"featured_media":0,"comment_status":"closed","ping_status":"closed","sticky":false,"template":"","format":"standard","meta":{"footnotes":""},"categories":[1],"tags":[],"_links":{"self":[{"href":"http:\/\/bauclassroom.com\/info\/wp-json\/wp\/v2\/posts\/10902"}],"collection":[{"href":"http:\/\/bauclassroom.com\/info\/wp-json\/wp\/v2\/posts"}],"about":[{"href":"http:\/\/bauclassroom.com\/info\/wp-json\/wp\/v2\/types\/post"}],"author":[{"embeddable":true,"href":"http:\/\/bauclassroom.com\/info\/wp-json\/wp\/v2\/users\/1"}],"replies":[{"embeddable":true,"href":"http:\/\/bauclassroom.com\/info\/wp-json\/wp\/v2\/comments?post=10902"}],"version-history":[{"count":1,"href":"http:\/\/bauclassroom.com\/info\/wp-json\/wp\/v2\/posts\/10902\/revisions"}],"predecessor-version":[{"id":10903,"href":"http:\/\/bauclassroom.com\/info\/wp-json\/wp\/v2\/posts\/10902\/revisions\/10903"}],"wp:attachment":[{"href":"http:\/\/bauclassroom.com\/info\/wp-json\/wp\/v2\/media?parent=10902"}],"wp:term":[{"taxonomy":"category","embeddable":true,"href":"http:\/\/bauclassroom.com\/info\/wp-json\/wp\/v2\/categories?post=10902"},{"taxonomy":"post_tag","embeddable":true,"href":"http:\/\/bauclassroom.com\/info\/wp-json\/wp\/v2\/tags?post=10902"}],"curies":[{"name":"wp","href":"https:\/\/api.w.org\/{rel}","templated":true}]}}