{"id":10936,"date":"2020-10-15T04:34:17","date_gmt":"2020-10-15T04:34:17","guid":{"rendered":"http:\/\/bauclassroom.com\/info\/?p=10936"},"modified":"2020-10-05T05:21:52","modified_gmt":"2020-10-05T05:21:52","slug":"rencontre-telerama","status":"publish","type":"post","link":"http:\/\/bauclassroom.com\/info\/2020\/10\/15\/rencontre-telerama\/","title":{"rendered":"Rencontre Telerama"},"content":{"rendered":"<p>Venez rencontrer Charles Berling au cours dune soir\u00e9e anim\u00e9e par Fabienne Pascaux, directrice de la r\u00e9daction de T\u00e9l\u00e9rama. CultureSecrets vous propose de rencontrer ce com\u00e9dien singulier, capable dincarner les personnages les plus complexes au th\u00e9\u00e2tre comme au cin\u00e9ma!  En lisant, on comprend vite que lessentiel pour y parvenir est de se poser les bonnes questions, \u00e0 jamais, tout en prenant connaissance des questions que se sont pos\u00e9es ceux qui nous ont pr\u00e9c\u00e9d\u00e9s. Nest-ce pas l\u00e0 une recette de vie \u00e0 conseiller \u00e0 tout un chacun? Jean-Paul DUBOIS est n\u00e9 en 1950 \u00e0 Toulouse o\u00f9 il vit actuellement. Journaliste, il commence par \u00e9crire des chroniques sportives dans Sud-Ouest. Apr\u00e8s la justice et le cin\u00e9ma au Matin de Paris, il devient grand reporter en 1984 pour Le Nouvel Observateur. Il examine au scalpel les \u00c9tats-Unis et livre des chroniques qui seront publi\u00e9es en deux volumes aux \u00c9ditions de lOlivier : LAm\u00e9rique minqui\u00e8te 1996 et Jusque-l\u00e0 tout allait bien en Am\u00e9rique 2002. \u00c9crivain, Jean-Paul Dubois a publi\u00e9 de nombreux romans Je pense \u00e0 autre chose, Si ce livre pouvait me rapprocher de toi. Il a obtenu le prix France T\u00e9l\u00e9visions pour Kennedy et moi Le Seuil, 1996, le prix Femina et le prix du roman Fnac pour Une vie fran\u00e7aise \u00c9ditions de lOlivier, 2004. Elles sont partout Omnipr\u00e9sentes. Elles ont envahi les \u00e9crans et nos soir\u00e9es. Elles bouleversent nos pratiques culturelles. Elles nous parlent de nous, de nos vies. Elles construisent un effet-miroir sur notre soci\u00e9t\u00e9 en mutations. Ou nous emportent dans des mondes parall\u00e8les. Les s\u00e9ries sont synonymes \u00e0 la fois de cr\u00e9ativit\u00e9 et de proximit\u00e9. Le r\u00e9alisateur de La Vall\u00e9e des loups 2016 accompagne les jeunes loups sortis de la meute dans leur qu\u00eate dun nouveau territoire. Un documentaire animalier aux images superbes. <img decoding=\"async\" src=\"http:\/\/www.lesecransdeparis.fr\/sites\/default\/files\/article\/galerie\/2018-05\/30813989_1005053782993016_6039544192748140674_o-800x1062.jpg\" alt=\"rencontre telerama\" align=\"right\"> Sa riche carri\u00e8re lui a permis dincarner des personnages comme Zucco, \u0152dipe, Bienvenue dans ce nouveau num\u00e9ro S\u00e9rierama, l\u00e9mission qui vous propose chaque mois le meilleur des s\u00e9ries, garantie sans spoiler. En ce tendre mois de f\u00e9vrier, on est plein damour pour nos person.. Emma Becker est la laur\u00e9ate du Prix du Roman des \u00e9tudiants France Culture T\u00e9l\u00e9rama 2020 Pour avoir fait le m\u00e9nage de pas mal de f\u00e2cheux sur ces fameux r\u00e9zosociaux, je nai point pu voir de tels gaussements \u00e0 outrance. Il y a des gens jai les noms, comme tout le monde, dont les photos sont, tel dans le couloir du syndicat de la magistrature, punais\u00e9es sur le mur des cons qui nont que \u00e7a \u00e0 foutre, des paralys\u00e9s du bulbe, fain\u00e9ants de lesprit, qui ont bloqu\u00e9 les compteurs sur NosEnchanteurs et y traquent la moindre coquille, la moindre f\u00f4te de frappe, la moindre minuscule gourance. Saluons tout de m\u00eame ces fid\u00e8les lecteurs et rappelons-leur la souscription en cours : pour 35 euros frais de port inclus, ils auront, par 3 livres dans un luxueux coffret, une quintessence darticles \u00e0 d\u00e9cortiquer, \u00e0 se gausser. Cest pas cher pay\u00e9. Jai pass\u00e9 dix ans \u00e0 \u00e9crire J\u00e9rusalem, en accordant un soin extr\u00eame au langage, \u00e0 ses variations et son \u00e9volution au fil du temps et des \u00e9poques. Tr\u00e8s vite le besoin de changer de styles sest impos\u00e9. Ecrire \u00e0 la mani\u00e8re de Joyce, de Beckett ou dune Enid Blyton sous acide lauteure britannique des immarcescibles Oui Oui, Jojo Lapin et du Club des Cinq, ndlr. Sest impos\u00e9 pour ne pas sombrer dans lennui et la monotonie. C\u00e9tait une fa\u00e7on de se faire plaisir et aussi, pourquoi le cacher, d\u00e9pater la galerie, une frime litt\u00e9raire quoi Comics Que nenni.. Cest sympa davoir \u00e9t\u00e9 voir en tous cas. Bon, ben voil\u00e0.. De toutes fa\u00e7ons \u00e7a ne nous sert \u00e0 rien de ressasser, entre rage et amertumes. On cherche des pistes pour se regrouper ailleurs, mais ce nest pas \u00e9vident. <img decoding=\"async\" src=\"http:\/\/blagnac.sezhame.decalog.net\/files_omega\/00_rubriques\/02_actu_agenda\/A_-_Marathon_des_Mots_-_Mediatheque.jpg\" alt=\"rencontre telerama\" align=\"right\"> Confondre le mime Marceau, et Sophie Marceau, je crains quil ne faille changer de lunettes.et doreilles La derni\u00e8re modification de cette page a \u00e9t\u00e9 faite le 16 mai 2020 \u00e0 07:20. Un esprit de la for\u00eat. Voil\u00e0 ce quelle avait vu. Elle le r\u00e9p\u00e9terait, encore et encore, \u00e0 tous ceux qui linterrogeaient, au p\u00e8re de Lucy, avec son pantalon froiss\u00e9 et sa chemise sale, \u00e0 la police, aux habitants de la r\u00e9serve, elle dirait toujours les m\u00eames mots, l\u00e8vres serr\u00e9es, menton but\u00e9. Quand on lui demandait, avec douceur, puis dune voix de plus en plus tendue, pressante, sil ne sagissait pas plut\u00f4t de Lucy Lucy, quinze ans, blonde, un m\u00e8tre soixante-cinq, short en jean, disparue depuis deux jours, quand on lui demandait si elle navait pas vu Lucy, elle r\u00e9pondait en secouant la t\u00eate : Non, non, c\u00e9tait un esprit, lesprit de la for\u00eat. Avec des extraits exclusifs du documentaire, qui sortira prochainement  iframe srchttps:www.franceinter.frembedplayeraod701b359f-741a-4cb2-b196-67a13c450c39 width100 height64 frameborder0 scrollingnoiframe Impossible de partager les articles de votre blog par e-mail. <img decoding=\"async\" src=\"http:\/\/lunettesrouges.blog.lemonde.fr\/files\/2014\/04\/mascotte-Rencontres-Arles.jpg\" alt=\"rencontre telerama\" align=\"right\"> Dans les mois qui viennent, nous allons tisser de nombreuses passerelles entre T\u00e9l\u00e9rama et Vodkaster. Avant ces chantiers, qui sannoncent d\u00e9j\u00e0 excitants et sur lesquels nous \u00e9changerons avec vous r\u00e9guli\u00e8rement, notre priorit\u00e9 imm\u00e9diate va \u00eatre de permettre au site de retrouver tout son dynamisme, pour que lesprit de passeur se d\u00e9veloppe encore et encore.  Le Prix du roman des \u00e9tudiants France Culture-T\u00e9l\u00e9rama 2020 12h : Georgia Scalliet Soci\u00e9taire de la Com\u00e9die-Fran\u00e7aise Nous utilisons des cookies pour vous garantir la meilleure exp\u00e9rience sur notre site web. Si vous continuez \u00e0 utiliser ce site, nous supposerons que vous en \u00eates satisfait \u00c9.T. : \u00c0 90. Il y en a un qui fait des crises, pour lequel on a pris un acteur. Il y a surtout Benjamin Lesieur qui a eu 30 jours de tournage dont 28 avec Vincent Cassel et c\u00e9tait magnifique de voir ce duo sur le tournage. Rencontre avec tous ceux qui viennent en aide aux r\u00e9fugi\u00e9s dans La Roya : la loi de la vall\u00e9e. Gilles Costaz : dHenri Courseaux, mise en sc\u00e8ne St\u00e9phane Cottin Studio H\u00e9bertot.<\/p>\n","protected":false},"excerpt":{"rendered":"<p>rencontre telerama<\/p>\n","protected":false},"author":1,"featured_media":0,"comment_status":"closed","ping_status":"closed","sticky":false,"template":"","format":"standard","meta":{"footnotes":""},"categories":[1],"tags":[],"_links":{"self":[{"href":"http:\/\/bauclassroom.com\/info\/wp-json\/wp\/v2\/posts\/10936"}],"collection":[{"href":"http:\/\/bauclassroom.com\/info\/wp-json\/wp\/v2\/posts"}],"about":[{"href":"http:\/\/bauclassroom.com\/info\/wp-json\/wp\/v2\/types\/post"}],"author":[{"embeddable":true,"href":"http:\/\/bauclassroom.com\/info\/wp-json\/wp\/v2\/users\/1"}],"replies":[{"embeddable":true,"href":"http:\/\/bauclassroom.com\/info\/wp-json\/wp\/v2\/comments?post=10936"}],"version-history":[{"count":1,"href":"http:\/\/bauclassroom.com\/info\/wp-json\/wp\/v2\/posts\/10936\/revisions"}],"predecessor-version":[{"id":10937,"href":"http:\/\/bauclassroom.com\/info\/wp-json\/wp\/v2\/posts\/10936\/revisions\/10937"}],"wp:attachment":[{"href":"http:\/\/bauclassroom.com\/info\/wp-json\/wp\/v2\/media?parent=10936"}],"wp:term":[{"taxonomy":"category","embeddable":true,"href":"http:\/\/bauclassroom.com\/info\/wp-json\/wp\/v2\/categories?post=10936"},{"taxonomy":"post_tag","embeddable":true,"href":"http:\/\/bauclassroom.com\/info\/wp-json\/wp\/v2\/tags?post=10936"}],"curies":[{"name":"wp","href":"https:\/\/api.w.org\/{rel}","templated":true}]}}