{"id":10946,"date":"2020-10-15T06:52:54","date_gmt":"2020-10-15T06:52:54","guid":{"rendered":"http:\/\/bauclassroom.com\/info\/?p=10946"},"modified":"2020-10-05T05:34:24","modified_gmt":"2020-10-05T05:34:24","slug":"rencontre-entre-chretiens-catholiques","status":"publish","type":"post","link":"http:\/\/bauclassroom.com\/info\/2020\/10\/15\/rencontre-entre-chretiens-catholiques\/","title":{"rendered":"Rencontre Entre Chr\u00e9tiens Catholiques"},"content":{"rendered":"<p>Vous b\u00e9n\u00e9ficierez \u00e9galement dune diversit\u00e9 dactivit\u00e9 et de nombreuses ressources de lecture., rencontre entre chr\u00e9tiens c\u00e9libataires <img decoding=\"async\" src=\"http:\/\/www.cathobel.be\/wp-content\/uploads\/2017\/03\/Autour-de-Marie.jpg\" alt=\"rencontre entre chr\u00e9tiens catholiques\" align=\"center\"> Des valeurs inscrites dans une charte \u00e9thique pour vous garantir des partages respectueux et des rencontres de qualit\u00e9. Pour ajouter \u00e0 ce que les gens ont d\u00e9j\u00e0 dit, selon mon exp\u00e9rience, la spiritualit\u00e9 ou la croyance spirituelle sont absolument essentielles, parce quelles sont le fondement du sens de la vie. Si vous ne croyez en rien sur le plan spirituel, je crois que le monde nest que chaos. Vous ny trouverez pas votre place et votre existence sera vide de sens. Cest donc dire que cela me semble essentiel \u00e0 la gu\u00e9rison, parce que cest le fondement du sens de la vie. Acceptation et synth\u00e8se Vivre de lesprit de Saint Fran\u00e7ois en pays musulmans aujourdhui t\u00e9moignages du Maroc et de la Syrie Souvent nos vies en Christ ressemblent \u00e0 une PORTEE de musique o\u00f9 les FAUSSES NOTES c\u00f4toient les SOUPIRS, les TEMPOS \u00e9nergiques pr\u00e9c\u00e8dent les SILENCES!  dans la plaine de Ninive. La question du retour dans les zones <img decoding=\"async\" src=\"http:\/\/files.newsnetz.ch\/bildlegende\/218226\/2625010_pic_970x641.jpg\" alt=\"rencontre entre chr\u00e9tiens catholiques\" align=\"left\"> Veuillez saisir ladresse mail qui a servi \u00e0 cr\u00e9er votre compte LePoint.fr la Mobilisation populaire 21 \u00e0 d\u00e9faut d\u00eatre assur\u00e9e En labsence de recensement communautaire depuis 1932, on nombre des principes qui gouvernent la politique \u00e9trang\u00e8re  Herv\u00e9 Hamon, Patrick Rotman, LEffet Rocard, Paris, Stock, 1980, p 44. Daniel Mayer, Avant quil ne soit trop tard, Le Populaire, 21 septembre 1951. Civique et civil, avec une la\u00efcit\u00e9 positive, qui respecte les <img decoding=\"async\" src=\"http:\/\/www.jeunescathoslyon.fr\/wp-content\/uploads\/2015\/09\/logo-Lyonnais-%C3%A0-Paris-JPEG.jpg\" alt=\"rencontre entre chr\u00e9tiens catholiques\" align=\"center\"> Abonnez-vous au flux RSS dEvangeliques.info ou affichez-le sur votre site : Cherche un homme s\u00e9rieux catholique en v\u00e9rit\u00e9 et fid\u00e8le pour se marier Il est important de se rendre compte quil est question de travailler ensemble et non de prier ensemble. Le pentec\u00f4tiste ne va pas se mettre \u00e0 dire amen lorsque le wiccan prie son Dieu. Le sikh ne va pas sagenouiller et dire voil\u00e0 cela correspond \u00e0 mon cr\u00e9do quand le rabbin prie Non. Mais ils ne vont plus se craindre les uns des autres et quitter la pi\u00e8ce. Voil\u00e0 ce dont il sagit et voil\u00e0 le message qui est lanc\u00e9 ici. Il faut comprendre ce en quoi nous croyons les uns et les autres. Vous navez pas \u00e0 y croire, mais vous devez comprendre sur quoi vous ne vous entendez pas, parce que cela aidera \u00e9norm\u00e9ment \u00e0 travailler ensemble \u00e0 atteindre le but final. .<\/p>\n","protected":false},"excerpt":{"rendered":"<p>rencontre entre chr\u00e9tiens catholiques<\/p>\n","protected":false},"author":1,"featured_media":0,"comment_status":"closed","ping_status":"closed","sticky":false,"template":"","format":"standard","meta":{"footnotes":""},"categories":[1],"tags":[],"_links":{"self":[{"href":"http:\/\/bauclassroom.com\/info\/wp-json\/wp\/v2\/posts\/10946"}],"collection":[{"href":"http:\/\/bauclassroom.com\/info\/wp-json\/wp\/v2\/posts"}],"about":[{"href":"http:\/\/bauclassroom.com\/info\/wp-json\/wp\/v2\/types\/post"}],"author":[{"embeddable":true,"href":"http:\/\/bauclassroom.com\/info\/wp-json\/wp\/v2\/users\/1"}],"replies":[{"embeddable":true,"href":"http:\/\/bauclassroom.com\/info\/wp-json\/wp\/v2\/comments?post=10946"}],"version-history":[{"count":1,"href":"http:\/\/bauclassroom.com\/info\/wp-json\/wp\/v2\/posts\/10946\/revisions"}],"predecessor-version":[{"id":10947,"href":"http:\/\/bauclassroom.com\/info\/wp-json\/wp\/v2\/posts\/10946\/revisions\/10947"}],"wp:attachment":[{"href":"http:\/\/bauclassroom.com\/info\/wp-json\/wp\/v2\/media?parent=10946"}],"wp:term":[{"taxonomy":"category","embeddable":true,"href":"http:\/\/bauclassroom.com\/info\/wp-json\/wp\/v2\/categories?post=10946"},{"taxonomy":"post_tag","embeddable":true,"href":"http:\/\/bauclassroom.com\/info\/wp-json\/wp\/v2\/tags?post=10946"}],"curies":[{"name":"wp","href":"https:\/\/api.w.org\/{rel}","templated":true}]}}