{"id":10984,"date":"2020-10-15T01:40:39","date_gmt":"2020-10-15T01:40:39","guid":{"rendered":"http:\/\/bauclassroom.com\/info\/?p=10984"},"modified":"2020-10-05T07:06:21","modified_gmt":"2020-10-05T07:06:21","slug":"olivier-adam-rencontre","status":"publish","type":"post","link":"http:\/\/bauclassroom.com\/info\/2020\/10\/15\/olivier-adam-rencontre\/","title":{"rendered":"Olivier Adam Rencontre"},"content":{"rendered":"<p>De. Jai commenc\u00e9 par lire, et \u00e9crire, de la po\u00e9sie. Et puis \u00e7a mest pass\u00e9. Ca demande aussi de donner de son temps. Or, malheureusement, A 18 ans, Antoine a abandonn\u00e9 son bac pro, vit chez ses parents, essaie de trouver un travail et surtout, boit, fume et consomme des m\u00e9dicaments. A P\u00f4le Emploi, il rencontre Leila, plus \u00e2g\u00e9e que lui mais avec laquelle une relation se noue. Elle a pourtant un enfant e..  Il a parl\u00e9 de fa\u00e7on touchante et dr\u00f4le de sa premi\u00e8re rencontre avec sa femme au coll\u00e8ge et puis de leurs vies dauteurs. Ils sont leurs deux premiers lecteurs et cest m\u00eame parfois compliqu\u00e9 pour leur \u00e9ditrice qui a parfois du mal \u00e0 trouver sa place. Olivier Adam \u00e9tait hier \u00e0 Toulouse o\u00f9, de la Croix Rouge \u00e0 la M\u00e9diath\u00e8que Jos\u00e9-Cabanis, il pr\u00e9sentait son sixi\u00e8me et dernier roman, Des Vents contraires, puissante et poignante peinture dune famille dont le p\u00e8re, \u00e9crivain, et les enfants ont \u00e9t\u00e9 abandonn\u00e9s par leur \u00e9pouse et m\u00e8re.  Rencontre avec Olivier Adam, auteur du roman : Les Lisi\u00e8res ici-c-nancy.fr Olivier Adam viendra \u00e0 la rencontre de ses lecteurs sans doute impatients d\u00e9changer avec lui sur son dernier roman Une partie de badminton, paru fin ao\u00fbt, \u00e0 loccasion de la rentr\u00e9e litt\u00e9raire. <img decoding=\"async\" src=\"http:\/\/www.kolbsociety.com\/images\/fellows\/matthew-adams.jpg\" alt=\"olivier adam rencontre\" align=\"left\"> Rencontre et d\u00e9dicace-Olivier Adam autour de Une partie de badminton Le navire de recherche RV Petrel a retrouv\u00e9 le 14 janvier l\u00e9pave de lUSS Wasp CV-7 dans la mer de Corail, au nord-est de lAustralie. Le porte-avions am\u00e9ricain avait \u00e9t\u00e9.. Par Serge Bressan-Lagrandeparade.com Pr\u00e9sentant La vie est un roman-son dix-septi\u00e8me roman, Guillaume Musso se laissa aller \u00e0 la confidence : Le roman r\u00e9ussi.. You can find your booking anytime going in your Account My Bookings Vous pourrez vous d\u00e9sabonner \u00e0 partir de nimporte quel mail re\u00e7u en cliquant sur le lien pr\u00e9vu \u00e0 cet effet. Prix attrapcoeur 2012 Responsable \u00e9ditorial : fran\u00e7oise Ausbart Lyc\u00e9e Evariste Galois, Sartrouville 78-  https:www.mobilis-paysdelaloire.fragendarencontre-olivier-adam Peu apr\u00e8s la disparition de celui-ci alors quelle travaille dans une maison d\u00e9dition des amis lui montrent la photo dun chanteur de rue de Lisbonne qui lui ressemblerait. Elle part \u00e0 sa recherche Rencontre litt\u00e9raire : Olivier Adam raconte Peine perdue, samedi 7 f\u00e9vrier La sixi\u00e8me rencontre litt\u00e9raire organis\u00e9e \u00e0 Carolles aura lieu samedi 7 f\u00e9vrier. Rendez-vous \u00e0 18 h salle de lAmiti\u00e9 en compagnie dOlivier Adam pour son roman Peine perdue paru aux \u00e9ditions Flammarion. N\u00e9 en 1974 \u00e0 Paris, Olivier Adam a grandi dans lEssonne. Apr\u00e8s des \u00e9tudes de gestion dentreprises culturelles, il devient dabord consultant pour Professionnels : ses retards r\u00e9p\u00e9t\u00e9sfinissent par le mener dans le bureau de son chef, quil menace duncutter. Intimidant car, depuis pr\u00e8s de vingt ans, lauteur sest fait une sp\u00e9cialit\u00e9 de m\u00ealer la vraie vie et la fausse, de nourrir son oeuvre des rencontres ordinaires et des minuscules faits divers qui pimentent sa routine. De l\u00e0 \u00e0 se retrouver \u00e9pingl\u00e9 lors de la prochaine aventure de son double litt\u00e9raire, Paul.. Ainsi, dans son best-seller Les Lisi\u00e8res 140 000 exemplaires vendus en grand format, Olivier Adam \u00e9gratigne-t-il le petit cercle des journalistes litt\u00e9raires parisiens. Que sa femme, Claire, et sa fille, Chlo\u00e9 sommeillent dans la chambre \u00e0 c\u00f4t\u00e9. Il y a vingt ans, sa m\u00e8re AIN Bourg-en-Bresse: l\u00e9crivain Olivier Adam \u00e0 la librairie du Th\u00e9\u00e2tre nous revoir une semaine plus tard pour commencer \u00c3 travailler, <img decoding=\"async\" src=\"http:\/\/www.musiqueengraves.com\/phototheque\/Olivier_Photo_2.jpg\" alt=\"olivier adam rencontre\" align=\"left\"> En poursuivant votre navigation, vous acceptez lutilisation de services tiers pouvant installer des cookies-<img decoding=\"async\" src=\"http:\/\/www.weblettres.net\/blogs\/uploads\/j\/JuliePL\/1635.jpg\" alt=\"olivier adam rencontre\" align=\"right\">.<\/p>\n","protected":false},"excerpt":{"rendered":"<p>olivier adam rencontre<\/p>\n","protected":false},"author":1,"featured_media":0,"comment_status":"closed","ping_status":"closed","sticky":false,"template":"","format":"standard","meta":{"footnotes":""},"categories":[1],"tags":[],"_links":{"self":[{"href":"http:\/\/bauclassroom.com\/info\/wp-json\/wp\/v2\/posts\/10984"}],"collection":[{"href":"http:\/\/bauclassroom.com\/info\/wp-json\/wp\/v2\/posts"}],"about":[{"href":"http:\/\/bauclassroom.com\/info\/wp-json\/wp\/v2\/types\/post"}],"author":[{"embeddable":true,"href":"http:\/\/bauclassroom.com\/info\/wp-json\/wp\/v2\/users\/1"}],"replies":[{"embeddable":true,"href":"http:\/\/bauclassroom.com\/info\/wp-json\/wp\/v2\/comments?post=10984"}],"version-history":[{"count":1,"href":"http:\/\/bauclassroom.com\/info\/wp-json\/wp\/v2\/posts\/10984\/revisions"}],"predecessor-version":[{"id":10985,"href":"http:\/\/bauclassroom.com\/info\/wp-json\/wp\/v2\/posts\/10984\/revisions\/10985"}],"wp:attachment":[{"href":"http:\/\/bauclassroom.com\/info\/wp-json\/wp\/v2\/media?parent=10984"}],"wp:term":[{"taxonomy":"category","embeddable":true,"href":"http:\/\/bauclassroom.com\/info\/wp-json\/wp\/v2\/categories?post=10984"},{"taxonomy":"post_tag","embeddable":true,"href":"http:\/\/bauclassroom.com\/info\/wp-json\/wp\/v2\/tags?post=10984"}],"curies":[{"name":"wp","href":"https:\/\/api.w.org\/{rel}","templated":true}]}}