{"id":11022,"date":"2020-10-15T02:16:04","date_gmt":"2020-10-15T02:16:04","guid":{"rendered":"http:\/\/bauclassroom.com\/info\/?p=11022"},"modified":"2020-10-05T08:34:34","modified_gmt":"2020-10-05T08:34:34","slug":"rencontre-cevenole-de-la-photo","status":"publish","type":"post","link":"http:\/\/bauclassroom.com\/info\/2020\/10\/15\/rencontre-cevenole-de-la-photo\/","title":{"rendered":"Rencontre Cevenole De La Photo"},"content":{"rendered":"<p> Biennale dArts contemporains de Laudun Exposition Alchimie Rencontres c\u00e9venoles de la photo art photographique, ma\u00eetriser les styles Vous avez une question \u00e0 propos de ce contenu? Nh\u00e9sitez pas, posez-la! Posez votre question ici NACE Rev.2 EU 2008 : Activit\u00e9s des organisations associatives n.c.a. 9499 Commune contient plusieurs pages dinformations sur : <img decoding=\"async\" src=\"http:\/\/medias.blogbmw.fr\/2018\/05\/BMW-Private-Collection-in-Central-Europe-04.jpg\" alt=\"rencontre cevenole de la photo\" align=\"left\">-et des \u00e9v\u00e9nements pour lesquels le Parc a eu un r\u00e9el coup de c\u0153ur. Florac Festival Photo fait partit de laventure distribution qui a d\u00e9pos\u00e9 un brevet pour garantir son approvisionnement <img decoding=\"async\" src=\"http:\/\/p1.storage.canalblog.com\/11\/09\/237369\/79088476_o.jpg\" alt=\"rencontre cevenole de la photo\" align=\"right\">  Retrouvez ici toute lactualit\u00e9 et les d\u00e9marches utiles \u00e0 votre recherche demploi, de formation En 1956, les derniers filateurs du Midi se regroupent en une soci\u00e9t\u00e9, La Filature Fran\u00e7aise de Soie des C\u00e9vennes, et \u00e9quipent en 1957 Maison Rouge de mat\u00e9riel japonais automatique. Ces trois expos se d\u00e9rouleront \u00e0 la mairie et au centre culturel Fran\u00e7ois Mitterand de besseges le samedi 11 et le dimanche 12 juin 2016 Agenda sortir en pi\u00e9mont c\u00e9venol-Maru\u00e9jols-l\u00e8s-gardon Du 9 septembre au 6 novembre 2015-SAUVE-Office de Tourisme Inrtercommunal Exposition Vitrine des arts Peinture : Marina de Bruynes, Charlotte Voinier, Fabienne Astier, L\u00e9o-Vinh Beauvois, Corinne Coutant Marqueterie, Thierry Gilhodez Peinture Vitrail, Herv\u00e9 Leclerc photographie <img decoding=\"async\" src=\"http:\/\/www.vialas-commune.fr\/wp-content\/uploads\/Elus-cevenols.jpg\" alt=\"rencontre cevenole de la photo\" align=\"right\"> 17111957. N 621. 17 novembre 1957. Page 35. Petit courrier technique. Perspectives d\u00e9volution. 01052020. N 271. Mai 2020. Page 82. 1 photo Patrimoine. Les 150 ans de la ligne du train C\u00e9venol.  Le balisage de cette balade de 2 km au c\u0153ur de la commune est termin\u00e9. Venez d\u00e9couvrir \u00e0 chaque \u00e9tape du parcours les panneaux qui racontent comment la soie a fa\u00e7onn\u00e9 les maisons et les paysages de Cros au cours des si\u00e8cles derniers. Un livret explicatif est disponible sur la rubrique Tourisme onglet Curiosit\u00e9s et monuments.Sentier de d\u00e9couverte de la soie \u00e0 Cros. Nous sommes pr\u00e8s de 600 membres et cela demande beaucoup de travail. Cela ne sera supportable \u00e0 long terme que si le travail est partag\u00e9.<\/p>\n","protected":false},"excerpt":{"rendered":"<p>rencontre cevenole de la photo<\/p>\n","protected":false},"author":1,"featured_media":0,"comment_status":"closed","ping_status":"closed","sticky":false,"template":"","format":"standard","meta":{"footnotes":""},"categories":[1],"tags":[],"_links":{"self":[{"href":"http:\/\/bauclassroom.com\/info\/wp-json\/wp\/v2\/posts\/11022"}],"collection":[{"href":"http:\/\/bauclassroom.com\/info\/wp-json\/wp\/v2\/posts"}],"about":[{"href":"http:\/\/bauclassroom.com\/info\/wp-json\/wp\/v2\/types\/post"}],"author":[{"embeddable":true,"href":"http:\/\/bauclassroom.com\/info\/wp-json\/wp\/v2\/users\/1"}],"replies":[{"embeddable":true,"href":"http:\/\/bauclassroom.com\/info\/wp-json\/wp\/v2\/comments?post=11022"}],"version-history":[{"count":1,"href":"http:\/\/bauclassroom.com\/info\/wp-json\/wp\/v2\/posts\/11022\/revisions"}],"predecessor-version":[{"id":11023,"href":"http:\/\/bauclassroom.com\/info\/wp-json\/wp\/v2\/posts\/11022\/revisions\/11023"}],"wp:attachment":[{"href":"http:\/\/bauclassroom.com\/info\/wp-json\/wp\/v2\/media?parent=11022"}],"wp:term":[{"taxonomy":"category","embeddable":true,"href":"http:\/\/bauclassroom.com\/info\/wp-json\/wp\/v2\/categories?post=11022"},{"taxonomy":"post_tag","embeddable":true,"href":"http:\/\/bauclassroom.com\/info\/wp-json\/wp\/v2\/tags?post=11022"}],"curies":[{"name":"wp","href":"https:\/\/api.w.org\/{rel}","templated":true}]}}