{"id":1105,"date":"2020-09-20T15:20:11","date_gmt":"2020-09-20T15:20:11","guid":{"rendered":"http:\/\/bauclassroom.com\/info\/?p=1105"},"modified":"2020-09-19T16:32:37","modified_gmt":"2020-09-19T16:32:37","slug":"salle-rencontres-creil","status":"publish","type":"post","link":"http:\/\/bauclassroom.com\/info\/2020\/09\/20\/salle-rencontres-creil\/","title":{"rendered":"Salle Rencontres Creil"},"content":{"rendered":"<p>Salle de concert prive contact ismael 19 bd de magenta 75010 paris tous les samedi de fin de mois film interview sur place. Paris 10 75010 Rencontre \u00e0 Creil avec Jos\u00e9 Bov\u00e9 ISABELLE MAUPIN Candidate \u00e9cologiste L\u00e9gislatives 2012 3\u00e8me circonscription de lOise Le Centre des Rencontres garantit le succ\u00e8s de votre \u00e9v\u00e9nement gr\u00e2ce aux deux salles de reception mises \u00e0 votre disposition. <img decoding=\"async\" src=\"http:\/\/www.amanzafar.com\/WTC\/wtc-73.jpg\" alt=\"salle rencontres creil\" align=\"right\"> Tout savoir, dans ce num\u00e9ro sur le Parc dExposition de Villepinte et son extension. RETROUVEZ LES ANCIENS RM Vie paroissiale Paroisse de tous les Saints Creillois Nord  Notre si\u00e8ge social est situ\u00e9 au 276 avenue du Pr\u00e9sident Wilson \u00e0 Saint Denis 93200. Rencontres et r\u00e9unions networking \u00e0 Creil Eventbrite <img decoding=\"async\" src=\"http:\/\/www.defense.gouv.fr\/var\/dicod\/storage\/images\/base-de-medias\/images\/air\/actualites\/images-2013\/images-avril-2013\/monsieur-jean-yves-le-drian-ministre-de-la-defense-en-visite-au-lycee-professionnel-donation-de-rothschild-de-saint-maximin\/2261598-1-fre-FR\/monsieur-jean-yves-le-drian-ministre-de-la-defense-en-visite-au-lycee-professionnel-donation-de-rothschild-de-saint-maximin.jpg\" alt=\"salle rencontres creil\" align=\"center\"> Un accident sest produit ce vendredi apr\u00e8s-midi au niveau de.. 15 novembre 2019 Les Cav\u00e9es : lui-m\u00eame constitu\u00e9 de trois ensembles de logements sociaux : la Cav\u00e9e de Paris, la Cav\u00e9e de Senlis o\u00f9 se trouve la tour Descartes, le plus haut gratte-ciel de la ville et le quartier Guynemer entre les deux. Le quartier regroupe 1 900 logements et un peu plus de 6 400 habitants. Ces pr\u00e9conisations formul\u00e9es au cours du d\u00e9bat seront pr\u00e9sent\u00e9es aux \u00e9lus, qui, d\u00e9battront d\u00e8s lautomne de cette th\u00e9matique lors de la r\u00e9vision de la loi de Bio\u00e9thique ainsi quau Comit\u00e9 Consultatif National d\u00c9thique. Viennoiseries et sandwichs \u00e0 prix co\u00fbtant, animaux non admis Le quartier du plateau peut \u00eatre distingu\u00e9 lui-m\u00eame en trois quartiers : <img decoding=\"async\" src=\"http:\/\/www.sogesol.fr\/site\/images\/normal\/Nos-realisations55967b306a099.jpg\" alt=\"salle rencontres creil\" align=\"center\">  Oise-Sud Nanteuil-le-Haudouin, Pont-Sainte-Maxence GH : La Fa\u00efencerie est une association missionn\u00e9e par lEtat, la R\u00e9gion, le D\u00e9partement et la ville de Creil pour mettre en place la politique du spectacle vivant sur la ville de Creil et bien au-del\u00e0. Les moyens : 16 salari\u00e9s, des espaces diff\u00e9rents, un tr\u00e8s grand plateau pour la danse, et la salle de la manufacture, une salle \u00e0 plat gigantesque avec un potentiel \u00e9norme, mais qui n\u00e9cessite des am\u00e9nagements pour lesquels nous avons des marges de man\u0153uvre limit\u00e9es. Accueil-Cabanes Coucoo Grands Ch\u00eanes \u00e0 Raray en Picardie Etape 12 : Salle communale \u00e0 Nogent sur Oise Creil .<\/p>\n","protected":false},"excerpt":{"rendered":"<p>salle rencontres creil<\/p>\n","protected":false},"author":1,"featured_media":0,"comment_status":"closed","ping_status":"closed","sticky":false,"template":"","format":"standard","meta":{"footnotes":""},"categories":[1],"tags":[],"_links":{"self":[{"href":"http:\/\/bauclassroom.com\/info\/wp-json\/wp\/v2\/posts\/1105"}],"collection":[{"href":"http:\/\/bauclassroom.com\/info\/wp-json\/wp\/v2\/posts"}],"about":[{"href":"http:\/\/bauclassroom.com\/info\/wp-json\/wp\/v2\/types\/post"}],"author":[{"embeddable":true,"href":"http:\/\/bauclassroom.com\/info\/wp-json\/wp\/v2\/users\/1"}],"replies":[{"embeddable":true,"href":"http:\/\/bauclassroom.com\/info\/wp-json\/wp\/v2\/comments?post=1105"}],"version-history":[{"count":1,"href":"http:\/\/bauclassroom.com\/info\/wp-json\/wp\/v2\/posts\/1105\/revisions"}],"predecessor-version":[{"id":1106,"href":"http:\/\/bauclassroom.com\/info\/wp-json\/wp\/v2\/posts\/1105\/revisions\/1106"}],"wp:attachment":[{"href":"http:\/\/bauclassroom.com\/info\/wp-json\/wp\/v2\/media?parent=1105"}],"wp:term":[{"taxonomy":"category","embeddable":true,"href":"http:\/\/bauclassroom.com\/info\/wp-json\/wp\/v2\/categories?post=1105"},{"taxonomy":"post_tag","embeddable":true,"href":"http:\/\/bauclassroom.com\/info\/wp-json\/wp\/v2\/tags?post=1105"}],"curies":[{"name":"wp","href":"https:\/\/api.w.org\/{rel}","templated":true}]}}