{"id":11096,"date":"2020-10-15T18:13:14","date_gmt":"2020-10-15T18:13:14","guid":{"rendered":"http:\/\/bauclassroom.com\/info\/?p=11096"},"modified":"2020-10-05T10:38:30","modified_gmt":"2020-10-05T10:38:30","slug":"rencontre-nationale-transport","status":"publish","type":"post","link":"http:\/\/bauclassroom.com\/info\/2020\/10\/15\/rencontre-nationale-transport\/","title":{"rendered":"Rencontre Nationale Transport"},"content":{"rendered":"<p>Objectif : \u00e0 partir dexp\u00e9riences existantes, illustrer la faisabilit\u00e9 politique et \u00e9conomique. Toutes les actus et les temps forts de la fili\u00e8re hydrog\u00e8ne et de la CleanEnergy vues par McPhy. <img decoding=\"async\" src=\"http:\/\/www.michel-vignier.org\/wp-content\/gallery\/album-photos\/francoishollandelesmureaux2013.jpg\" alt=\"rencontre nationale transport\" align=\"left\"> Il y aura assez de masques dans le pays pour faire face aux besoins \u00e0 partir du 11 mai. <img decoding=\"async\" src=\"http:\/\/www.frerebenoit.net\/wp-content\/uploads\/2013\/08\/voyage-dint%C3%A9gration.jpg\" alt=\"rencontre nationale transport\" align=\"center\"> Smoove aux 26e Rencontres Nationales du Transport Public! SMOOVE Glace Room, un tout nouveau glacier, ouvre ses portes non loin de la Place de la Bastille, pile \u00e0 lheure pour les beaux jours. Afin de vous proposer des services susceptibles de vous int\u00e9resser, de conna\u00eetre nos activit\u00e9s et actualit\u00e9s, le service Marketing et Communication de Masteris collecte et conserve des informations vous concernant. La base l\u00e9gale du traitement est lint\u00e9r\u00eat l\u00e9gitime conform\u00e9ment au R\u00e8glement europ\u00e9en sur la protection des donn\u00e9es. Les informations collect\u00e9es sont conserv\u00e9es pendant trois ans \u00e0 compter de leur collecte ou du dernier contact entre nos deux soci\u00e9t\u00e9s et sont accessibles uniquement par le service Marketing et Communication et les membres des Business Unit de Masteris concern\u00e9s. Vous disposez dun droit dacc\u00e8s, de rectification, de suppression et de portabilit\u00e9 des informations qui vous concernent ainsi que dun droit dopposition et de limitation du traitement que vous pouvez exercer en \u00e9crivant \u00e0 DPO_MASTERISmasteris.com. Si vous estimez, apr\u00e8s nous avoir contact\u00e9s, que vos droits ne sont pas respect\u00e9s, vous pouvez adresser une r\u00e9clamation en ligne \u00e0 la CNIL ou par voie postale. Pour en savoir plus, veuillez consulter notre sur le site de Masteris.  Des contenus qui v\u00e9hiculent des informations cl\u00e9s sur RATP Group Ce site propose de personnaliser vos contenus et votre navigation. Lorsque vous naviguez sur ce site Internet, des informations sont susceptibles d\u00eatre enregistr\u00e9es cookies sur votre terminal, sous r\u00e9serve de vos choix. Pour utiliser lensemble des fonctionnalit\u00e9s propos\u00e9es sur le site, il est conseill\u00e9 dactiver les trois niveaux de cookies. Cependant, vous pouvez librement les d\u00e9sactiver en fonction de vos usages. Votre choix relatif aux cookies Conform\u00e9ment \u00e0 la loi informatique et libert\u00e9s du 6 janvier 1978 modifi\u00e9e en 2004, vous b\u00e9n\u00e9ficiez dun droit dacc\u00e8s et de rectification aux informations qui vous concernent. Dans les gares, le port du masque est \u00e9galement obligatoire. Il se peut quil y ait des contr\u00f4les dans les gares par la police et par les agents de s\u00fbret\u00e9 SNCF, a expliqu\u00e9 Marl\u00e8ne Dolveck, directrice g\u00e9n\u00e9rale de SNCF Gares et connexions. Dans certaines grandes gares parisiennes, lacc\u00e8s pourrait \u00eatre filtr\u00e9 par les forces de lordre afin d\u00e9viter les attroupements. R\u00e9ouverture des commerces Des conseillers de GDRF seront pr\u00e9sents au salon des Rencontres nationales du transport pour r\u00e9pondre \u00e0 vos questions de mobilit\u00e9 gaz. V\u00e9hicules routiers et ferroviaires de derni\u00e8re g\u00e9n\u00e9ration, Retrouvez chaque mois la liste des meilleurs contributeurs de commentaires et du forum. Derni\u00e8re mise \u00e0 jour : Mai 2020. Apr\u00e8s les propos pol\u00e9miques de Cam\u00e9lia Jordana, qui ne se sent pas en s\u00e9curit\u00e9 en Nouveaut\u00e9s, offres exclusives, faites partie du club privil\u00e9giers des clients de la boutique de la Vie du Rail Cette solution doit \u00eatre port\u00e9e par la population comme lont \u00e9t\u00e9 les grandes avanc\u00e9es sociales et \u00e9cologiques dans notre pays.  Un salon incontournable pour sinformer \u00e9changer sur le futur des transports publics Jai dailleurs transmis aux maires aujourdhui toutes les instructions et indications \u00e0 cet effet. <img decoding=\"async\" src=\"http:\/\/www.quebecentreprise.com\/sites\/default\/files\/magazines\/vol-37\/pages\/large\/page_007.jpeg\" alt=\"rencontre nationale transport\" align=\"center\"> Nous utilisons des cookies pour vous garantir la meilleure exp\u00e9rience sur notre site. Si vous continuez \u00e0 utiliser ce dernier, nous consid\u00e9rerons que vous acceptez lutilisation des cookies. En poursuivant votre navigation sur ce site, vous acceptez lutilisation de cookies pour r\u00e9aliser des statistiques de visites. Jai compris 3-Inspirez-vous du Grand Ouest, territoire ambitieux Les Fran\u00e7ais attendent avec impatience la date du 11 mai et pensent \u00e0 65 que le d\u00e9confinement aura bien lieu \u00e0 cette date, selon un sondage Odoxa Dentsu Consulting pour Le Figaro et Franceinfo. En revanche, ils sont 58 \u00e0 ne pas faire confiance \u00e0 lex\u00e9cutif pour le r\u00e9ussir.  Nous avons pos\u00e9 ces questions \u00e0 Marl\u00e8ne Cappelle, D\u00e9l\u00e9gu\u00e9e G\u00e9n\u00e9rale de, le r\u00e9seau des Cap emploi.<\/p>\n","protected":false},"excerpt":{"rendered":"<p>rencontre nationale transport<\/p>\n","protected":false},"author":1,"featured_media":0,"comment_status":"closed","ping_status":"closed","sticky":false,"template":"","format":"standard","meta":{"footnotes":""},"categories":[1],"tags":[],"_links":{"self":[{"href":"http:\/\/bauclassroom.com\/info\/wp-json\/wp\/v2\/posts\/11096"}],"collection":[{"href":"http:\/\/bauclassroom.com\/info\/wp-json\/wp\/v2\/posts"}],"about":[{"href":"http:\/\/bauclassroom.com\/info\/wp-json\/wp\/v2\/types\/post"}],"author":[{"embeddable":true,"href":"http:\/\/bauclassroom.com\/info\/wp-json\/wp\/v2\/users\/1"}],"replies":[{"embeddable":true,"href":"http:\/\/bauclassroom.com\/info\/wp-json\/wp\/v2\/comments?post=11096"}],"version-history":[{"count":1,"href":"http:\/\/bauclassroom.com\/info\/wp-json\/wp\/v2\/posts\/11096\/revisions"}],"predecessor-version":[{"id":11097,"href":"http:\/\/bauclassroom.com\/info\/wp-json\/wp\/v2\/posts\/11096\/revisions\/11097"}],"wp:attachment":[{"href":"http:\/\/bauclassroom.com\/info\/wp-json\/wp\/v2\/media?parent=11096"}],"wp:term":[{"taxonomy":"category","embeddable":true,"href":"http:\/\/bauclassroom.com\/info\/wp-json\/wp\/v2\/categories?post=11096"},{"taxonomy":"post_tag","embeddable":true,"href":"http:\/\/bauclassroom.com\/info\/wp-json\/wp\/v2\/tags?post=11096"}],"curies":[{"name":"wp","href":"https:\/\/api.w.org\/{rel}","templated":true}]}}