{"id":11178,"date":"2020-10-15T19:35:15","date_gmt":"2020-10-15T19:35:15","guid":{"rendered":"http:\/\/bauclassroom.com\/info\/?p=11178"},"modified":"2020-10-05T12:59:41","modified_gmt":"2020-10-05T12:59:41","slug":"rencontre-du-mont-blanc","status":"publish","type":"post","link":"http:\/\/bauclassroom.com\/info\/2020\/10\/15\/rencontre-du-mont-blanc\/","title":{"rendered":"Rencontre Du Mont Blanc"},"content":{"rendered":"<p>Rencontres du Mont-Blanc Le Monde diplomatique, novembre 2009 h1 classsingle__title stylecolor: 000000\u00c0 la rencontre de 3 associations qui luttent pour lrsquo;environnement, au pied du Mont-Blanch1 Located in an old house in the center of the village, this museum aims to safeguard and to make known all that constituted the life of our ancestors. Des cr\u00e9ateurs de produits, de biens ou de services avec une r\u00e9elle d\u00e9marche environnementale et sociale ; <img decoding=\"async\" src=\"http:\/\/www.traildino.nl\/img\/upload\/Europe\/France\/Trails\/Tour_du_mont_blanc\/Tmb_027b.jpg\" alt=\"rencontre du mont blanc\" align=\"center\">   c-0.2-3.5-1.2-5.1-3.1-5.1c-1.9,0-3,1.6-3,3.9v8c0,1.5,1.5,1.8,1.5,2.6V27c0,0.4-0.4,0.6-0.8,0.6h-6.5c-0.5,0-0.8-0.2-0.8-0.6v-0.1 <img decoding=\"async\" src=\"http:\/\/image-api.nrj.fr\/http\/media.nrj.fr\/436x327\/mika436-jpg_19190.jpg\" alt=\"rencontre du mont blanc\" align=\"right\"> Etou \u00eatre une initiative dESS transfamille, cest-\u00e0-dire impliquant des structures juridiques dESS diverses etou des secteurs dactivit\u00e9s diff\u00e9rents 100 en ligne, feuilletez votre magazine Eco de lAin n24 du 11 juin 2020 sur ordinateur, tablette ou smartphone. R\u00e9serv\u00e9 aux abonn\u00e9s. Le saviez-vous? Vous pouvez afficher la publication en plein \u00e9cran, t\u00e9l\u00e9charger le document en.pdf, limprimer, mais aussi rechercher dans la publication! Pratique, non? ALTERNATIVES ECONOMIQUES N402-062020-4.90 Et maintenant on fait quoi? Vous trouverez ci-joint le programme d\u00e9taill\u00e9 de la rencontre et le bulletin dadh\u00e9sion \u00e0 Pays de Savoie solidaires. P200 ans plus tard, pour c\u00e9l\u00e9brer ce succ\u00e8s, de nombreuses comm\u00e9morations sont organis\u00e9es dans les vall\u00e9es du Mont-Blanc, du c\u00f4t\u00e9 fran\u00e7ais comme du c\u00f4t\u00e9 italien. Les plus grands alpinistes du monde y sont convi\u00e9s pour \u00e9changer sur la montagne ainsi que sur les enjeux sociaux et environnementaux qui lentourent.p En r\u00e9sum\u00e9, un weekend plein de po\u00e9sie et de nature vous attend \u00e0 Saint Gervais lors des rencontres au pays du Mont Blanc. Le r\u00f4le de la Fondation ENGIE Retour sur les 3\u00e8mes rencontres de limmobilier en Savoie Mont-Blanc 17042018 Vous \u00eates venu dans la r\u00e9gion pour quelle raison? Je suis n\u00e9 ici pa hrefhttps:www.lesothers.comwp-contentuploads201702patagonia-mont-blanc-associations-2-1.jpgimg alt width900 height600 data-srcsethttps:www.lesothers.comwp-contentuploads201702patagonia-mont-blanc-associations-2-1-1000&#215;667.jpg 1000w, https:www.lesothers.comwp-contentuploads201702patagonia-mont-blanc-associations-2-1-768&#215;512.jpg 768w, https:www.lesothers.comwp-contentuploads201702patagonia-mont-blanc-associations-2-1.jpg 1200w, https:www.lesothers.comwp-contentuploads201702patagonia-mont-blanc-associations-2-1-800&#215;533.jpg 800w sizesmax-width: 900px 100vw, 900px data-srchttps:www.lesothers.comwp-contentuploads201702patagonia-mont-blanc-associations-2-1-1000&#215;667.jpg classalignnone size-medium wp-image-44322 lazyload srcdata:imagegif;base64,R0lGODlhAQABAAAAACH5BAEKAAEALAAAAAABAAEAAAICTAEAOw noscriptimg classalignnone size-medium wp-image-44322 srchttps:www.lesothers.comwp-contentuploads201702patagonia-mont-blanc-associations-2-1-1000&#215;667.jpg alt width900 height600 srcsethttps:www.lesothers.comwp-contentuploads201702patagonia-mont-blanc-associations-2-1-1000&#215;667.jpg 1000w, https:www.lesothers.comwp-contentuploads201702patagonia-mont-blanc-associations-2-1-768&#215;512.jpg 768w, https:www.lesothers.comwp-contentuploads201702patagonia-mont-blanc-associations-2-1.jpg 1200w, https:www.lesothers.comwp-contentuploads201702patagonia-mont-blanc-associations-2-1-800&#215;533.jpg 800w sizesmax-width: 900px 100vw, 900px noscripta a hrefhttps:www.lesothers.comwp-contentuploads201702patagonia-mont-blanc-associations-1-1.jpgimg alt width900 height600 data-srcsethttps:www.lesothers.comwp-contentuploads201702patagonia-mont-blanc-associations-1-1-1000&#215;667.jpg 1000w, https:www.lesothers.comwp-contentuploads201702patagonia-mont-blanc-associations-1-1-768&#215;512.jpg 768w, https:www.lesothers.comwp-contentuploads201702patagonia-mont-blanc-associations-1-1.jpg 1200w, https:www.lesothers.comwp-contentuploads201702patagonia-mont-blanc-associations-1-1-800&#215;533.jpg 800w sizesmax-width: 900px 100vw, 900px data-srchttps:www.lesothers.comwp-contentuploads201702patagonia-mont-blanc-associations-1-1-1000&#215;667.jpg classalignnone size-medium wp-image-44323 lazyload srcdata:imagegif;base64,R0lGODlhAQABAAAAACH5BAEKAAEALAAAAAABAAEAAAICTAEAOw noscriptimg classalignnone size-medium wp-image-44323 srchttps:www.lesothers.comwp-contentuploads201702patagonia-mont-blanc-associations-1-1-1000&#215;667.jpg alt width900 height600 srcsethttps:www.lesothers.comwp-contentuploads201702patagonia-mont-blanc-associations-1-1-1000&#215;667.jpg 1000w, https:www.lesothers.comwp-contentuploads201702patagonia-mont-blanc-associations-1-1-768&#215;512.jpg 768w, https:www.lesothers.comwp-contentuploads201702patagonia-mont-blanc-associations-1-1.jpg 1200w, https:www.lesothers.comwp-contentuploads201702patagonia-mont-blanc-associations-1-1-800&#215;533.jpg 800w sizesmax-width: 900px 100vw, 900px noscriptap <img decoding=\"async\" src=\"http:\/\/www.eight.gregniosi.com\/_fichiers\/annuaires\/1511346346_carosserie-sabatier.jpg\" alt=\"rencontre du mont blanc\" align=\"center\"> This pa ge of th e OECD site is devoted to aviation an d provi des an international forum f or dis cussi on of related specialised topics from bo th th e p ol icy and economic p ers pec tives. Les, \u00e9v\u00e8nement international r\u00e9unissant les acteurs de l\u00e9conomie sociale et solidaire des 5 continents, se tiendront les 6, 7 et 8 d\u00e9cembre prochains \u00e0 Archamps Genevois fran\u00e7ais, sur le th\u00e8me ESS : lefficacit\u00e9 nouvelle. Ce contenu est r\u00e9serv\u00e9 \u00e0 nos abonn\u00e9.e.s Digital Premium Le vendredi 6 et le samedi 7 septembre, Combloux organise les 1es Rencontres ECOlogiques du Pays Mont-Blanc. Au plaisir de vous retrouver nombreux \u00e0 cette rencontre! Participez d\u00e8s maintenant au Guide des Festivals en soumettant \u00e0 notre r\u00e9daction une vid\u00e9os. Pour cela envoyez linfo \u00e0 contactleguidedesfestivals.com La reproduction totale ou partielle sans permission est interdite. That it represented a n im port an t forum w hi ch p rovi ded an opportunity for the two si de s of i ndustry to exchange views on crucial questions of economic and social content in an effort to create a strengthened Europe in t er ms of comp etit io n, social co mp osit ion and solidarity. Conf\u00e9rence musicale pr\u00e9sent\u00e9e par Bruce Fox Lefriche sur la symphonie n1 de Gustav Mahler dite Titan. .<\/p>\n","protected":false},"excerpt":{"rendered":"<p>rencontre du mont blanc<\/p>\n","protected":false},"author":1,"featured_media":0,"comment_status":"closed","ping_status":"closed","sticky":false,"template":"","format":"standard","meta":{"footnotes":""},"categories":[1],"tags":[],"_links":{"self":[{"href":"http:\/\/bauclassroom.com\/info\/wp-json\/wp\/v2\/posts\/11178"}],"collection":[{"href":"http:\/\/bauclassroom.com\/info\/wp-json\/wp\/v2\/posts"}],"about":[{"href":"http:\/\/bauclassroom.com\/info\/wp-json\/wp\/v2\/types\/post"}],"author":[{"embeddable":true,"href":"http:\/\/bauclassroom.com\/info\/wp-json\/wp\/v2\/users\/1"}],"replies":[{"embeddable":true,"href":"http:\/\/bauclassroom.com\/info\/wp-json\/wp\/v2\/comments?post=11178"}],"version-history":[{"count":1,"href":"http:\/\/bauclassroom.com\/info\/wp-json\/wp\/v2\/posts\/11178\/revisions"}],"predecessor-version":[{"id":11179,"href":"http:\/\/bauclassroom.com\/info\/wp-json\/wp\/v2\/posts\/11178\/revisions\/11179"}],"wp:attachment":[{"href":"http:\/\/bauclassroom.com\/info\/wp-json\/wp\/v2\/media?parent=11178"}],"wp:term":[{"taxonomy":"category","embeddable":true,"href":"http:\/\/bauclassroom.com\/info\/wp-json\/wp\/v2\/categories?post=11178"},{"taxonomy":"post_tag","embeddable":true,"href":"http:\/\/bauclassroom.com\/info\/wp-json\/wp\/v2\/tags?post=11178"}],"curies":[{"name":"wp","href":"https:\/\/api.w.org\/{rel}","templated":true}]}}