{"id":11360,"date":"2020-10-16T06:28:41","date_gmt":"2020-10-16T06:28:41","guid":{"rendered":"http:\/\/bauclassroom.com\/info\/?p=11360"},"modified":"2020-10-05T17:49:32","modified_gmt":"2020-10-05T17:49:32","slug":"rencontres-alzheimer","status":"publish","type":"post","link":"http:\/\/bauclassroom.com\/info\/2020\/10\/16\/rencontres-alzheimer\/","title":{"rendered":"Rencontres Alzheimer"},"content":{"rendered":"<p>La maladie dAlzheimer et les difficult\u00e9s rencontr\u00e9es par laidant : les conseils du pharmacien Vendredi 26 janvier de 11h \u00e0 12h : Notre-Dame-de-Gravenchon Centre social Arp\u00e8ge. Vosges et plus particuli\u00e8rement EpinalGolbey ; Saint Di\u00e9 des Vosges, Bruy\u00e8res et Remoncourt <img decoding=\"async\" src=\"http:\/\/www.relais-presence.com\/media\/chemille__040871400_1452_24042018.jpg\" alt=\"rencontres alzheimer\" align=\"center\"> Le conseil dadministration et la pr\u00e9sidente dhonneur, Madame Anne Beaumier de REMAX de Francheville, avaient dailleurs quelques mots pour nos amis golfeurs et pour toutes les personnes qui auraient aim\u00e9 participer \u00e0 ce 30e tournoi de golf.. Sur rendez-vous t\u00e9l\u00e9phonique au 06 29 88 41 14 ou isabelle.mourrierasyahoo.com. Association des familles de traumatis\u00e9s craniens et de c\u00e9r\u00e9brol\u00e9s AFTC IDF Pl\u00e9ni\u00e8re coordonn\u00e9e par Dagmar Soleymani Direction de la Pr\u00e9vention et Promotion de la Sant\u00e9 et Fran\u00e7oise Hamers Direction des maladies non transmissibles et traumatismes Chaque mois, retrouvez votre magazine en version num\u00e9rique Les familles, avec ou sans leur malade, se retrouvent pour parler, rompre lisolement, la maladie \u00e9tant mise de c\u00f4t\u00e9 au profit d\u00e9change et de Valid\u00e9 dans le Proc\u00e8s-verbal de la r\u00e9union pluridisciplinaire du 06 f\u00e9vrier 2017  Les cookies de personnalisation nous permettent de vous proposer des contenus personnalis\u00e9s en fonction de votre profil et de vos centres dint\u00e9r\u00eat. Un grand merci \u00e0 tous les participants ainsi qu\u00e0 nos chefs de cuisine!! EM-CONSULTE.COM is registrered at the CNIL, d\u00e9claration n 1286925. Mise en \u0153uvre dune action de livraisons de colis durgence au domicile des plus vuln\u00e9rables sur les territoires d\u00e9pourvus de commerces de proximit\u00e9 pour le respect des mesures li\u00e9es \u00e0 la crise sanitaire Votre appui permettra, malgr\u00e9 lannulation de cette activit\u00e9 de financement, de soutenir nos activit\u00e9s afin de continuer \u00e0 offrir des services et des ressources adapt\u00e9s r\u00e9pondant aux besoins sp\u00e9cifiques des personnes et de leurs familles tout au long de la maladie. Depuis le 23 mars l Association France Alzheimer anime des ateliers de yoga \u00e0 Alzheimer et maladies apparent\u00e9es : quoi de neuf? Mon mari y va depuis plus dun an. Il en revient serein, plus confiant et positif. Aidez-nous \u00e0 am\u00e9liorer notre site en r\u00e9pondant \u00e0 notre questionnaire. <img decoding=\"async\" src=\"http:\/\/3.bp.blogspot.com\/_igxQYJtcE6M\/SsccOyPCLdI\/AAAAAAAAAUY\/Z6y7ZzAnHqI\/s400\/Alzheimer+blog.jpg\" alt=\"rencontres alzheimer\" align=\"center\"> Le site internet de lAssociation des R\u00e9seaux M\u00e9moire ANREM, dont le R\u00e9seau Alo\u00efs assure la pr\u00e9sidence, est d\u00e9sormais en ligne \u00e0 ladresse suivante : http:www.anrem.fr Lanc\u00e9 \u00e0 linitiative de la Fondation M\u00e9d\u00e9ric Alzheimer et rassemblant des acteurs pluridisciplinaires ind\u00e9pendants, le collectif Alzheimer Ensemble Construisons lavenir semploie \u00e0 relever le d\u00e9fi du vieillissement cognitif et \u00e0 favoriser l\u00e9mergence dune soci\u00e9t\u00e9 bienveillante. Une d\u00e9marche qui sappuie sur deux axes : Les statistiques du minist\u00e8re de la Justice renseignent sur les  En 2030, la maladie dAlzheimer touchera pr\u00e8s de 300 000 nouveaux malades chaque ann\u00e9e, et il faudra r\u00e9aliser 170 000 parcours de diagnostic, soit  <img decoding=\"async\" src=\"http:\/\/www.planetefm.net\/filigrane.php?image=fichiers\/actualites\/moy_140.jpg\" alt=\"rencontres alzheimer\" align=\"right\">.<\/p>\n","protected":false},"excerpt":{"rendered":"<p>rencontres alzheimer<\/p>\n","protected":false},"author":1,"featured_media":0,"comment_status":"closed","ping_status":"closed","sticky":false,"template":"","format":"standard","meta":{"footnotes":""},"categories":[1],"tags":[],"_links":{"self":[{"href":"http:\/\/bauclassroom.com\/info\/wp-json\/wp\/v2\/posts\/11360"}],"collection":[{"href":"http:\/\/bauclassroom.com\/info\/wp-json\/wp\/v2\/posts"}],"about":[{"href":"http:\/\/bauclassroom.com\/info\/wp-json\/wp\/v2\/types\/post"}],"author":[{"embeddable":true,"href":"http:\/\/bauclassroom.com\/info\/wp-json\/wp\/v2\/users\/1"}],"replies":[{"embeddable":true,"href":"http:\/\/bauclassroom.com\/info\/wp-json\/wp\/v2\/comments?post=11360"}],"version-history":[{"count":1,"href":"http:\/\/bauclassroom.com\/info\/wp-json\/wp\/v2\/posts\/11360\/revisions"}],"predecessor-version":[{"id":11361,"href":"http:\/\/bauclassroom.com\/info\/wp-json\/wp\/v2\/posts\/11360\/revisions\/11361"}],"wp:attachment":[{"href":"http:\/\/bauclassroom.com\/info\/wp-json\/wp\/v2\/media?parent=11360"}],"wp:term":[{"taxonomy":"category","embeddable":true,"href":"http:\/\/bauclassroom.com\/info\/wp-json\/wp\/v2\/categories?post=11360"},{"taxonomy":"post_tag","embeddable":true,"href":"http:\/\/bauclassroom.com\/info\/wp-json\/wp\/v2\/tags?post=11360"}],"curies":[{"name":"wp","href":"https:\/\/api.w.org\/{rel}","templated":true}]}}