{"id":11432,"date":"2020-10-16T08:36:34","date_gmt":"2020-10-16T08:36:34","guid":{"rendered":"http:\/\/bauclassroom.com\/info\/?p=11432"},"modified":"2020-10-05T20:16:51","modified_gmt":"2020-10-05T20:16:51","slug":"rencontres-musicales-de-cluny","status":"publish","type":"post","link":"http:\/\/bauclassroom.com\/info\/2020\/10\/16\/rencontres-musicales-de-cluny\/","title":{"rendered":"Rencontres Musicales De Cluny"},"content":{"rendered":"<p>Cluny-March\u00e9 : March\u00e9 nocturne, artisans et producteurs locaux. Ecuries de Saint Hugues et place du 11 ao\u00fbt. 17h \u00e0 22h. Dans le cadre des mesures sanitaires contre le COVID-19, pas de concert. Mercredi 26 ao\u00fbt 2020 31. CHUEKE, Z, CHUEKE, I. F, LInterpr\u00e9tation \u00e0 deux, dans M. Lach\u00e9 dir, Limaginaire musical entre cr\u00e9ation et linterpr\u00e9tation, Paris, LHarmattan, 2006, p 223-230.  Comme chaque ann\u00e9e, la musique de chambre nest pas oubli\u00e9e. Elle appara\u00eetra sous la forme du Wiener Mozart-Trio qui nous comblera de Mozart bien s\u00fbr, mais \u00e9galement de Chostakovitch et de Dvo\u0159\u00e1k. Concert au Farinier de lAbbaye. <img decoding=\"async\" src=\"http:\/\/www.la-trompette.fr\/guy-touvron\/Web\/images\/guy-touvron-a-berlin-photo-jacques-revon00010.jpg\" alt=\"rencontres musicales de cluny\" align=\"right\"> 40. CHUEKE, Z, CHUEKE, I, Tradi\u00e7\u00e3o e Modernidade no Concertino para Piano e Orquestra de Cordas de Ricardo Tacuchian, Anais do XVIII Congresso da ANPPOM, 2008.www.anppom.com.br  1985-SUMMA CUM LAUDE, Universidade Federal do Rio de Janeiro <img decoding=\"async\" src=\"http:\/\/www.lyonne.fr\/photoSRC\/bqViVeldaWelbKxCPNWs_pusXXdNGltxXD4uu1iw_sR0IkLcazbGupnwlQUaVQo_pWI48f0HY_sxYvETMFwM2diAkJo-_\/2751143.jpeg\" alt=\"rencontres musicales de cluny\" align=\"center\">  cours tous niveaux,Jazz et classique.Comprendre le jazz : Exp\u00e9rience professionnelle en concert. Musicien Pianiste de Jazz et \u00e9v\u00e9nementiel dans les Palaces Parisiens. Professeur de musique ind\u00e9pendant.. Piano Cersot 71390 Spinoza \u00e0 l\u00e9preuve des textes 22 R\u00e9v\u00e9lation, croyance et interpr\u00e9tation Poznan Pologne, les S\u0153urs Telnuk et le Quatuor \u00c9lys\u00e9e Je suis tr\u00e8s heureuse de pouvoir revenir my produire le 21 juin prochain, et de retrouver cette ch\u00e8re atmosph\u00e8re de concert! Paris 75 Trio Arioso avec Sylvie Lechevalier-Bartoli, piano et Karina Desbordes, soprano 2003-Academic Merit, University of Miami Graduate Center Depuis la Loi Aillagon de 2003, le soutien aux festivals permet aux entreprises m\u00e9c\u00e8nes de b\u00e9n\u00e9ficier dune r\u00e9duction dimp\u00f4t de 60 du montant des dons effectu\u00e9s, dans la limite de 5 pour mille du chiffre daffaires, lorsquelles sont assujetties \u00e0 limp\u00f4t sur le revenu ou \u00e0 limp\u00f4t sur les soci\u00e9t\u00e9s article 238 bis du Code G\u00e9n\u00e9ral des Imp\u00f4ts. Il se trouve que la diversit\u00e9 des sons-ou des tons, car quoique de nature diff\u00e9rente, le discours est le m\u00eame pour lun ou pour lautre-est tr\u00e8s exactement le sujet des sculptures qui ornent les deux chapiteaux de Cluny. Lharmonie musicale, fusion des dissemblables dans lUn, propose limage privil\u00e9gi\u00e9e du retour de la Cr\u00e9ation, \u00e9clat\u00e9e et dispers\u00e9e par le p\u00e9ch\u00e9, dans lUnit\u00e9 perdue, tandis que la liturgie, \u00e0 laquelle les moines de Cluny consacrent lessentiel de leur temps, offre dans sa beaut\u00e9 un miroir parfait de lharmonie de la Cr\u00e9ation. Cest dans une telle perspective quil faut comprendre la r\u00e9sistance de Cluny aux critiques de saint Bernard reprochant aux moines noirs de ne pas travailler : le moine qui participe pleinement \u00e0 la liturgie, accomplit l\u0153uvre par excellence qui r\u00e9alise laccord entre le monde, lhumanit\u00e9 et Dieu. En grec authentes, cest-\u00e0-dire ma\u00eetre ; Guy dArezzo donne au mot le sens doriginaire, premier : laigu de chaque mode se nommerait authente, cest-\u00e0-dire originaire et premier, quant au grave, il sappellerait plagal, cest-\u00e0-dire lat\u00e9ral et mineur, L. Dieu, op cit. P 148. Date: dimanche 10 d\u00e9cembre 2017 16:00-lundi 11 d\u00e9cembre 2017 12:30 Mentions l\u00e9gales-2018-Bayard Presse-Tous droits r\u00e9serv\u00e9s-Lc. 15, 8-10 ; la drachme \u00e9vang\u00e9lique, frapp\u00e9e \u00e0 limage du monarque hell\u00e9nistique, est cette image que cherche l\u00e2me et \u00e0 laquelle elle na plus acc\u00e8s sans effort et sans recherche. Comme sur la drachme, limage de Dieu reste imprim\u00e9e dans la cr\u00e9ature p\u00e9cheresse, Pph. IV, 807 B, 807 C, 825 C, etc 30. CHUEKE, Z, Saudades das Selvas Brasileiras et Poema Singelo : param\u00e8tres d\u00e9coute entre modernit\u00e9 et tradition dans loeuvre de Villa-Lobos, L.F. Alencastro D. Pistone, dir. ; Villa-Lobos : des racines de loeuvre aux \u00e9chos contemporains, Paris, Honor\u00e9 Champion, 2012, p 135-147. <img decoding=\"async\" src=\"http:\/\/i.huffpost.com\/gen\/667720\/images\/a-RENCONTRES-ARLES-BAUER-640x468.jpg\" alt=\"rencontres musicales de cluny\" align=\"center\"> De lYonne \u00e0 la Sa\u00f4ne-et-Loire, ce festival propose une 50aine de concerts et tout autant de rencontres entre vins et musique, tout \u00e7a de Juillet \u00e0 Octobre A l\u00e9poque, Cluny a \u00e9t\u00e9 pour lOccident ce que Sainte Sophie de Constantinople a \u00e9t\u00e9 pour lOrient, \u00e0 la fois symbole monumental de la Chr\u00e9tient\u00e9, b\u00e2timents sublimes et hors normes, expressions de pouvoir et dinfluence, dinnovation comme de d\u00e9mesure. Universit\u00e9 Paris-Sorbonne, Observatoire Musical Fran\u00e7ais. Membre Associ\u00e9 2003-2007. Membre permanent 2008-2014. Membre Associ\u00e9 de lIreMus depuis le 5 juin 2014 sur d\u00e9cision unanime du conseil de laboratoire.<\/p>\n","protected":false},"excerpt":{"rendered":"<p>rencontres musicales de cluny<\/p>\n","protected":false},"author":1,"featured_media":0,"comment_status":"closed","ping_status":"closed","sticky":false,"template":"","format":"standard","meta":{"footnotes":""},"categories":[1],"tags":[],"_links":{"self":[{"href":"http:\/\/bauclassroom.com\/info\/wp-json\/wp\/v2\/posts\/11432"}],"collection":[{"href":"http:\/\/bauclassroom.com\/info\/wp-json\/wp\/v2\/posts"}],"about":[{"href":"http:\/\/bauclassroom.com\/info\/wp-json\/wp\/v2\/types\/post"}],"author":[{"embeddable":true,"href":"http:\/\/bauclassroom.com\/info\/wp-json\/wp\/v2\/users\/1"}],"replies":[{"embeddable":true,"href":"http:\/\/bauclassroom.com\/info\/wp-json\/wp\/v2\/comments?post=11432"}],"version-history":[{"count":1,"href":"http:\/\/bauclassroom.com\/info\/wp-json\/wp\/v2\/posts\/11432\/revisions"}],"predecessor-version":[{"id":11433,"href":"http:\/\/bauclassroom.com\/info\/wp-json\/wp\/v2\/posts\/11432\/revisions\/11433"}],"wp:attachment":[{"href":"http:\/\/bauclassroom.com\/info\/wp-json\/wp\/v2\/media?parent=11432"}],"wp:term":[{"taxonomy":"category","embeddable":true,"href":"http:\/\/bauclassroom.com\/info\/wp-json\/wp\/v2\/categories?post=11432"},{"taxonomy":"post_tag","embeddable":true,"href":"http:\/\/bauclassroom.com\/info\/wp-json\/wp\/v2\/tags?post=11432"}],"curies":[{"name":"wp","href":"https:\/\/api.w.org\/{rel}","templated":true}]}}