{"id":115,"date":"2020-09-18T16:56:10","date_gmt":"2020-09-18T16:56:10","guid":{"rendered":"http:\/\/bauclassroom.com\/info\/?p=115"},"modified":"2020-09-18T09:43:43","modified_gmt":"2020-09-18T09:43:43","slug":"rencontre-esthetique","status":"publish","type":"post","link":"http:\/\/bauclassroom.com\/info\/2020\/09\/18\/rencontre-esthetique\/","title":{"rendered":"Rencontre Esth\u00e9tique"},"content":{"rendered":"<p><img decoding=\"async\" src=\"http:\/\/www.florenceloewy.com\/wp-content\/uploads\/2014\/01\/beauregard.jpg\" alt=\"rencontre esth\u00e9tique\" align=\"center\"> Envoyer une notification pour chaque nouveau commentaire Lapprentissage cest aussi une rencontre : Esth\u00e9tique-Chambre de M\u00e9tiers et de lArtisanat 64 Arr\u00eat\u00e9 une premi\u00e8re fois pour avoir enqu\u00eat\u00e9 sur le massacre de Ngu\u00e9li en novembre 2016. Il restera 2 jours en prison et sera oblig\u00e9 de signer un papier pour arr\u00eater lenqu\u00eate. Salons Grand Public Du 29 au 31 mars 2019 lile des impressionnistes de Chatou accueillera de nombreux artistes pour son salon dart.. Esth\u00e9tique de la musique \u00e9lectronique Rencontre avec CRi  Votre adresse de messagerie ne sera pas publi\u00e9e. Les champs obligatoires sont indiqu\u00e9s avec Rejoignez Babelio pour d\u00e9couvrir vos prochaines lectures Jai fait toutes mes \u00e9tudes en esth\u00e9tique, dabord un CAP puis un BAC pro avant de finir par un BTS. Pour pouvoir \u00e9voluer et int\u00e9grer le domaine de la formation et allier ainsi mes deux passions que sont lesth\u00e9tique et lenseignement, jai effectu\u00e9 une formation de formatrice en entreprise. Jai travaill\u00e9 plus de 5 ans en institut. Je suis pass\u00e9e par diff\u00e9rentes enseignes, je travaillais tant en institut quen parfumerie. D\u00c9COUVREZ POURQUOI LA LIPOSUCCION PRATIQU\u00c9E \u00c0 NICE RENCONTRE UN VIF SUCC\u00c8S Nh\u00e9sitez pas \u00e0 transmettre cette invitation \u00e0 vos contacts. Cette manifestation est destin\u00e9e aux professionnels des diff\u00e9rents domaines : m\u00e9dical et social mais aussi aux \u00e9coles de formation professionnelle en esth\u00e9tique et \u00e0 tout public d\u00e9sirant se renseigner sur la socio-esth\u00e9tique. La trag\u00e9die est mim\u00easis. Il faut entendre : repr\u00e9sentation. La repr\u00e9sentation dramatique conduit l\u00e9v\u00e9nement jusquau point critique de sa compl\u00e8te maturit\u00e9, elle accompagne lav\u00e8nement du sens dans le jour de la pr\u00e9sence, elle force la v\u00e9rit\u00e9 dans l\u00e9vidence. La mim\u00easis platonicienne est repr\u00e9sentation de l eidos, elle rend sensible la forme id\u00e9ale que le dialecticien, con\u00e7oit et d\u00e9finit par un acte de langage, et que le peintre incarne en une image fascinante, par un stratag\u00e8me technique. Lartiste, ce rival du philosophe, captive la v\u00e9rit\u00e9 dans l\u00e9clat trompeur de la beaut\u00e9 sensible, il la convoque sous nos yeux et subjugue la pens\u00e9e par l\u00e9blouissement dun divin manifest\u00e9. Lart, selon Platon, est illusion, puisquil fait croire \u00e0 la possible saisie du vrai, puisquil rend visible linvisible, puisquil nous fait halluciner la capture de la b\u00eate, la torpille tant d\u00e9sir\u00e9e, lanimal paradoxal qui ne signale sa pr\u00e9sence que dans linstant o\u00f9 il \u00e9chappe \u00e0 notre prise. Le peintre qui est lartisan de la couleur barbouille le visage de labsence essentielle. Son art est grimage et maquillage, il prostitue la v\u00e9rit\u00e9 et la livre comme une courtisane trop fard\u00e9e \u00e0 lardeur de nos curiosit\u00e9s. La mim\u00easis est mensonge puisquelle installe dans la pr\u00e9sence cela m\u00eame dont le destin est de toujours se d\u00e9rober. Lhomme mim\u00e9tique reste pour Platon le faussaire de la v\u00e9rit\u00e9. Il est le sophiste de lapparence. Pour la majorit\u00e9 des patients, lintervention est tr\u00e8s courte, entre 20 minutes et 1 heure, et se pratique le plus souvent en ambulatoire, m\u00eame si dans certains cas, une nuit dhospitalisation suppl\u00e9mentaire est requise, notamment pour le retrait de plus grandes quantit\u00e9s de graisse. Cursus de formations avec des t\u00e9moignages de professionnels, gr\u00e2ce \u00e0 un salon. Et dabord, une \u00e9nigme : pourquoi avons-nous souvent limpression, \u00e0 loccasion dexpositions dart contemporain, que les uvres sont indisponibles? Comme si elles n\u00e9taient pas l\u00e0 pour \u00eatre..  Les fichiers Epub incluent plusieurs aspects avec lesquels la navigation sur Internet nous a familiaris\u00e9s, comme les textes qui sadaptent \u00e0 la taille de l\u00e9cran et les hyperliens. On lira \u00e0 ce propos les belles pages que Claudel a consacr\u00e9es au coup d\u0153il photographique : Au moment voulu, au point opportun, nous avons d\u00e9clench\u00e9 l\u00e9clair! Nous avons surpris l\u00e9norme nymphe en chemin continuel de dissolution, nous lavons arr\u00eat\u00e9e et, comme on dirait en termes de cuisine, nous lavons saisie Paul Claudel, Les psaumes et la photographie, in \u0152uvre en prose, Pl\u00e9iade, 1965, p. 392-393 <img decoding=\"async\" src=\"http:\/\/www.magazine.previly.com\/wp-content\/uploads\/2017\/04\/dailynue-cover-PREVILY.jpg\" alt=\"rencontre esth\u00e9tique\" align=\"right\"> <img decoding=\"async\" src=\"http:\/\/ninkimag.fr\/wp-content\/uploads\/2017\/09\/pendere-2-iloveimg-compressed.jpg\" alt=\"rencontre esth\u00e9tique\" align=\"right\"> Un autre dialogue entre artiste et habitant, une autre mani\u00e8re de cr\u00e9er du public Apr\u00e8s avoir termin\u00e9 mes \u00e9tudes desth\u00e9ticienne CAP ET BP en 2006, jai int\u00e9gr\u00e9 la formation du CODES de socio esth\u00e9tique dans le but de morienter aupr\u00e8s dun public fragilis\u00e9, avec comme outil des techniques esth\u00e9tiques. Faute de poste en socio esth\u00e9tique, jai exerc\u00e9 le m\u00e9tier desth\u00e9ticienne en institut traditionnel de 2007 \u00e0 2012. Depuis Mai 2012, jinterviens \u00e0 lh\u00f4pital Lyon Sud en unit\u00e9 de canc\u00e9rologie, en tant que socio-esth\u00e9ticienne, gr\u00e2ce au financement de la Ligue Contre le Cancer du Rh\u00f4ne, et de lassociation Eveil des Sens. Je me d\u00e9place aupr\u00e8s des patients dans leur chambre ou je les re\u00e7ois dans une cabine d\u00e9di\u00e9e. Rencontre avec la cr\u00e8me de la cr\u00e8me de la bl\u00e9pharoplastie \u00e0 Londres avec le Dr Bernard Hayot E. Kant, Critique de la facult\u00e9 de juger, 1965, trad. Philonenko, 23, p. 85 Partager Esth\u00e9tique de la rencontre de Baptiste Morizot et Estelle Zhong Mengual Galerie des Gobelins : Rencontre 2. Une esth\u00e9tique Nathalie Junod Ponsard  R\u00e9\u00e9couter En finir avec la nature! \u00e9couter 44 min 44 min Cest important de parler aussi des marques, qui font des efforts aussi bien pour nos clientes que pour les esth\u00e9ticiennes. Je ne peux pas toutes les citer mais cest aussi un aspect de notre m\u00e9tier, qui me tient tant \u00e0 c\u0153ur. Solenne Institut, cest aussi un Institut de beaut\u00e9 vert avec des produits naturels, fabriqu\u00e9s en France.<\/p>\n","protected":false},"excerpt":{"rendered":"<p>rencontre esth\u00e9tique<\/p>\n","protected":false},"author":1,"featured_media":0,"comment_status":"closed","ping_status":"closed","sticky":false,"template":"","format":"standard","meta":{"footnotes":""},"categories":[1],"tags":[],"_links":{"self":[{"href":"http:\/\/bauclassroom.com\/info\/wp-json\/wp\/v2\/posts\/115"}],"collection":[{"href":"http:\/\/bauclassroom.com\/info\/wp-json\/wp\/v2\/posts"}],"about":[{"href":"http:\/\/bauclassroom.com\/info\/wp-json\/wp\/v2\/types\/post"}],"author":[{"embeddable":true,"href":"http:\/\/bauclassroom.com\/info\/wp-json\/wp\/v2\/users\/1"}],"replies":[{"embeddable":true,"href":"http:\/\/bauclassroom.com\/info\/wp-json\/wp\/v2\/comments?post=115"}],"version-history":[{"count":1,"href":"http:\/\/bauclassroom.com\/info\/wp-json\/wp\/v2\/posts\/115\/revisions"}],"predecessor-version":[{"id":116,"href":"http:\/\/bauclassroom.com\/info\/wp-json\/wp\/v2\/posts\/115\/revisions\/116"}],"wp:attachment":[{"href":"http:\/\/bauclassroom.com\/info\/wp-json\/wp\/v2\/media?parent=115"}],"wp:term":[{"taxonomy":"category","embeddable":true,"href":"http:\/\/bauclassroom.com\/info\/wp-json\/wp\/v2\/categories?post=115"},{"taxonomy":"post_tag","embeddable":true,"href":"http:\/\/bauclassroom.com\/info\/wp-json\/wp\/v2\/tags?post=115"}],"curies":[{"name":"wp","href":"https:\/\/api.w.org\/{rel}","templated":true}]}}