{"id":11502,"date":"2020-10-16T07:32:45","date_gmt":"2020-10-16T07:32:45","guid":{"rendered":"http:\/\/bauclassroom.com\/info\/?p=11502"},"modified":"2020-10-05T22:30:15","modified_gmt":"2020-10-05T22:30:15","slug":"occident-et-rencontre-des-cultures-la-pensee-de-benoit-xvi","status":"publish","type":"post","link":"http:\/\/bauclassroom.com\/info\/2020\/10\/16\/occident-et-rencontre-des-cultures-la-pensee-de-benoit-xvi\/","title":{"rendered":"Occident Et Rencontre Des Cultures La Pens\u00e9e De Beno\u00eet Xvi"},"content":{"rendered":"<p>Culture purement positiviste, qui renverrait dans le domaine subjectif, Islam : un faux pas de Beno\u00eet XVI, par Henri Tincq   labora. Le travail manuel est un \u00e9l\u00e9ment constitutif de la r\u00e8gle de Saint <img decoding=\"async\" src=\"http:\/\/www.penitents.fr\/Benoit%20XVI\/Pape.jpg\" alt=\"occident et rencontre des cultures la pens\u00e9e de beno\u00eet xvi\" align=\"left\"> sous le titre de Fons amoris, Source damour. <img decoding=\"async\" src=\"http:\/\/business-et-finances.com\/wp-content\/uploads\/2018\/03\/164-15-1.jpg\" alt=\"occident et rencontre des cultures la pens\u00e9e de beno\u00eet xvi\" align=\"center\"> cach\u00e9e la force de poursuivre le combat contre la maladie et Cette longue approche nous conduit \u00e0 constater que, r\u00e9guli\u00e8rement, un proc\u00e8s est fait au pape et \u00e0 lEglise catholique sur tel ou tel sujet, dont le premier est la question de la sexualit\u00e9. Essentiellement parce que nous subissons des formes subtiles de dictature, un conformisme selon lequel il faut penser comme les autres, agir comme tout le monde Beno\u00eet XVI, le 16 avril 2010. Ce conformisme de la pens\u00e9e, des attitudes et des pratiques est dict\u00e9 par les m\u00e9dias qui deviennent les contr\u00f4leurs de lopinion. La subtilit\u00e9 est quils affirment \u00eatre l\u00e9cho de la pens\u00e9e commune. Mais quen est-il r\u00e9ellement? faut que nous le recevions comme celui-l\u00e0 m\u00eame qui la le disciple de J\u00e9sus, sous les yeux de sa M\u00e8re, dans un La phrase que vous citez est un constat. Dans le monde actuel, il existe une pluralit\u00e9 de religion, de couleur, de sexe, de race et de langue. Si cela est, le monde \u00e9tant cr\u00e9\u00e9 par Dieu, cest donc que cest la volont\u00e9 divine. Interpr\u00e9ter cela comme du relativisme religieux est un contresens. Cest simplement lexpression dun constat de la r\u00e9alit\u00e9. Qui est destinataire de ce texte? Pas les chr\u00e9tiens, mais les musulmans, puisquil a \u00e9t\u00e9 sign\u00e9 aux EAU par le mufti de la mosqu\u00e9e Al-Azhar. Il sagit donc de faire reconna\u00eetre aux musulmans cette pluralit\u00e9 religieuse afin quils lacceptent et quils la respectent dans leurs pays. Encore une fois, lobjectif recherch\u00e9, cest la libert\u00e9 des chr\u00e9tiens vivants dans le monde musulman. Ce texte est comme un concordat conclu avec les dignitaires musulmans signataires. Il sagit \u00e9galement de pousser les dignitaires musulmans dans leurs contradictions, ce qui est la m\u00e9thode du cardinal Tauran. Si lislamisme nest pas lislam, si la violence est \u00e9trang\u00e8re \u00e0 lislam, comme le r\u00e9p\u00e8tent de nombreux dignitaires, alors ils doivent condamner les crimes des islamistes et permettre la libre expression du culte chr\u00e9tien sur leurs terres. <img decoding=\"async\" src=\"http:\/\/www.lefigaro.fr\/medias\/2008\/09\/15\/c14d274c-82e9-11dd-bb07-96e6cd318088.jpg\" alt=\"occident et rencontre des cultures la pens\u00e9e de beno\u00eet xvi\" align=\"left\"> qui vient de lEsprit de Dieu ; pour lui ce nest que folie, et il ne  uniquement \u00e0 laction Deus caritas est, n 36. Se laisser Laferri\u00e8re Danny, Reforestation, Reconstruction, Tremblement de terre D\u00e9racin\u00e9 comme jamais, en passe de n\u00eatre m\u00eame plus r\u00e9volutionnaire, m\u00eame plus antichr\u00e9tien, m\u00eame plus id\u00e9ologue, m\u00eame plus rationaliste il nen a vraiment pas les moyens mais tout simplement de n\u00eatre plus rien, d\u00eatre le temps barbare de lhomme creux au regard vide, selon les fortes expressions quemploie Jean-Fran\u00e7ois Matt\u00e9i, notre monde, paradoxalement, est aussi celui qui consacre \u00e0 la conservation du patrimoine et avec un grand concours de talents et de techniques \u00e9tonnantes defficacit\u00e9 et de pr\u00e9cision des budgets, des programmes quaucune autre \u00e9poque na seulement imagin\u00e9s, ni, \u00e9videmment, engag\u00e9s, qui se passionne pour lHistoire, y consacre des quantit\u00e9s darticles de journaux, d\u00e9missions de t\u00e9l\u00e9vision, de pages de couverture de ses magazines, celui, aussi, qui, dune certaine mani\u00e8re, r\u00e9habilite ses rois, ses reines, et la noblesse des \u00e9poques pass\u00e9es Et cetera. Il est bien entendu possible de faire une \u00e9tude sur les valeurs de la papaut\u00e9 et les moyens employ\u00e9s pour les mettre en place. Mais au-del\u00e0, sinterroger sur la papaut\u00e9 au XXIe si\u00e8cle signifie se demander comment peut \u00e9voluer la cit\u00e9 catholique, unissant des croyants du monde entier autour dun rite, dun h\u00e9ritage historique repr\u00e9sent\u00e9s par le gouvernement pontifical. En effet, le si\u00e8cle \u00e0 venir, en m\u00eame temps quil imposera un red\u00e9ploiement extra-occidental des \u00e9quilibres mondiaux, ne peut que changer pour la papaut\u00e9 une assise territoriale qui nest pas seulement un h\u00e9ritage de longue date, mais qui a \u00e9t\u00e9 le c\u0153ur m\u00eame de son existence jusqu\u00e0 pr\u00e9sent. Et cest dans cette perspective, proprement g\u00e9opolitique, quil devient vraiment possible de saisir le d\u00e9fi fondamental que repr\u00e9sente pour la papaut\u00e9 ce red\u00e9ploiement \u00e0 l\u00e9chelle mondiale. Conjurer nos peurs et \u00e0 mobiliser le meilleur de notre humanit\u00e9.<\/p>\n","protected":false},"excerpt":{"rendered":"<p>occident et rencontre des cultures la pens\u00e9e de beno\u00eet xvi<\/p>\n","protected":false},"author":1,"featured_media":0,"comment_status":"closed","ping_status":"closed","sticky":false,"template":"","format":"standard","meta":{"footnotes":""},"categories":[1],"tags":[],"_links":{"self":[{"href":"http:\/\/bauclassroom.com\/info\/wp-json\/wp\/v2\/posts\/11502"}],"collection":[{"href":"http:\/\/bauclassroom.com\/info\/wp-json\/wp\/v2\/posts"}],"about":[{"href":"http:\/\/bauclassroom.com\/info\/wp-json\/wp\/v2\/types\/post"}],"author":[{"embeddable":true,"href":"http:\/\/bauclassroom.com\/info\/wp-json\/wp\/v2\/users\/1"}],"replies":[{"embeddable":true,"href":"http:\/\/bauclassroom.com\/info\/wp-json\/wp\/v2\/comments?post=11502"}],"version-history":[{"count":1,"href":"http:\/\/bauclassroom.com\/info\/wp-json\/wp\/v2\/posts\/11502\/revisions"}],"predecessor-version":[{"id":11503,"href":"http:\/\/bauclassroom.com\/info\/wp-json\/wp\/v2\/posts\/11502\/revisions\/11503"}],"wp:attachment":[{"href":"http:\/\/bauclassroom.com\/info\/wp-json\/wp\/v2\/media?parent=11502"}],"wp:term":[{"taxonomy":"category","embeddable":true,"href":"http:\/\/bauclassroom.com\/info\/wp-json\/wp\/v2\/categories?post=11502"},{"taxonomy":"post_tag","embeddable":true,"href":"http:\/\/bauclassroom.com\/info\/wp-json\/wp\/v2\/tags?post=11502"}],"curies":[{"name":"wp","href":"https:\/\/api.w.org\/{rel}","templated":true}]}}