{"id":11512,"date":"2020-10-16T08:18:26","date_gmt":"2020-10-16T08:18:26","guid":{"rendered":"http:\/\/bauclassroom.com\/info\/?p=11512"},"modified":"2020-10-05T22:53:17","modified_gmt":"2020-10-05T22:53:17","slug":"historique-des-rencontres-maroc-tunisie","status":"publish","type":"post","link":"http:\/\/bauclassroom.com\/info\/2020\/10\/16\/historique-des-rencontres-maroc-tunisie\/","title":{"rendered":"Historique Des Rencontres Maroc Tunisie"},"content":{"rendered":"<p><img decoding=\"async\" src=\"http:\/\/img.over-blog-kiwi.com\/0\/54\/74\/56\/20151013\/ob_27e044_rheinmetall-kzo-ila-2010-2.jpg\" alt=\"historique des rencontres maroc tunisie\" align=\"left\"> Les repr\u00e9sentants du gouvernement fran\u00e7ais et ceux du gouvernement provisoire Ceux qui, pieusement, sont morts pour la Patrie, Ont droit qu\u00e0 leur cercueil la foule vienne et prie. Des reconnaissances sont lanc\u00e9es : Stalla sur Pristina 6 prisonniers, de Richebourg sur Prizrend 7 prisonniers. Cette situation ne pouvait durer. En Tunisie comme en Indochine, l\u00e9chec de la politique de force permit \u00e0 Pierre Mend\u00e8s-France, devenu pr\u00e9sident du Conseil en juin 1954, dimaginer et de commencer \u00e0 mettre en place une strat\u00e9gie nouvelle, lib\u00e9rale, r\u00e9aliste. Le 31 juillet, il se rend \u00e0 Carthage, dans la banlieue de Tunis, pour y prononcer un discours de rupture avec le pass\u00e9. Il emploie une formule plut\u00f4t vague : autonomie interne. Il d\u00e9cide par ailleurs de nouer contact avec Bourguiba, d\u00e9sormais consid\u00e9r\u00e9 comme interlocuteur mod\u00e9r\u00e9. Mend\u00e8s le rencontre en octobre. La contrepartie est le d\u00e9sarmement des fellaghas. \u00c0 vrai dire, les hommes politiques du N\u00e9o-Destour ne sont pas f\u00e2ch\u00e9s non plus d\u00e9vincer ces gu\u00e9rilleros incontr\u00f4lables.. French Days Les Journ\u00e9es \u00e0 la Fran\u00e7aise. Les cat\u00e9gories de clubs et h\u00f4tels sont indiqu\u00e9es en normes locales. Les tarifs de nos voyages incluent les taxes a\u00e9roports obligatoires et surcharges carburants connues \u00e0 ce jour. Les tarifs sont sous r\u00e9serve de disponibilit\u00e9s et sentendent \u00e0 partir de. Ces tarifs nincluent ni les taxes locales ou administratives \u00e9ventuelles taxes de s\u00e9jours, taxes dentr\u00e9e ou de sortie de certains pays, frais de visa, ni les suppl\u00e9ments sp\u00e9cifiques susceptibles de sappliquer \u00e0 certaines destinations, ni les variations \u00e9ventuelles de prix ult\u00e9rieures \u00e0 lachat relatifs aux hausses carburant ou variation de taxes. Les tarifs affich\u00e9s tiennent d\u00e9j\u00e0 compte des remises et promotions \u00e9ventuelles. Les promotions sont non cumulables et non r\u00e9troactives. Et la premi\u00e8re g\u00e9n\u00e9ration d\u00e9crivains marocains dexpression fran\u00e7aise se trouve enrichie par lapparition de nouveaux jeunes \u00e9crivains comme par exemple, Youssouf Amine El Alami avec Un Marocain \u00e0 Nous-York ou Fouad Laroui avec Les Dents du Topographe. Confrontations entre l et les \u00e9quipes d et de de football : d\u00e9fense de cette ville par des sentiers de montagne presquimpraticables, elle p\u00e9n\u00e9trait hardiment \u00e0 lint\u00e9 rieur des lignes ennemies et parvenait, d\u00e8s le 29, en vue dUskub quelle enlevait de haute lutte par le combat \u00e0 pied et o\u00f9 elle se maintenait malgr\u00e9 de furieuses contre attaques d\u00e9l\u00e9ments bulgares d\u00e9barqu\u00e9s en renfort. Au cours de cette op\u00e9ration, conduite avec la plus belle au dace, elle a captur\u00e9 400 prisonniers, dont 200 Alle mands, sept pi\u00e8ces lourdes, une grande quantit\u00e9 de che vaux et de b\u00e9tail et un train de bl\u00e9 destin\u00e9 aux empires centraux. Il est significatif de retrouver les m\u00eames hommes parmi les dirigeants des associations ou des \u0153uvres juives de lutte contre la mis\u00e8re qui proc\u00e8dent dun \u00e9tat desprit fond\u00e9 sur les notions de solidarit\u00e9 et de progr\u00e8s social, bien modernes pour l\u00e9poque. Il ne faut pas perdre de vue en effet quil sagit dhommes et de femmes dont lhistoire familiale reste marqu\u00e9e, depuis des si\u00e8cles, par leur condition de dhimmi et, depuis cinquante ans, par la colonisation, avec tout ce que ces deux situations peuvent comporter daspects n\u00e9gatifs et positifs. De ce terreau, gu\u00e8re propice pourtant \u00e0 l\u00e9closion dun esprit douverture, de tol\u00e9rance et de progr\u00e8s, va sortir un ensemble d\u0153uvres m\u00e9dico-sociales et de protection de la famille exemplaire. Cest ainsi quen 1934, les docteurs Roger Nataf, L\u00e9on Moatti et lavocat Paul Ghez prennent linitiative de cr\u00e9er l\u0153uvre Nos Petits, dont le but est de fournir repas, v\u00eatements et vacances aux \u00e9l\u00e8ves de lAlliance Isra\u00e9lite Universelle. Le modernisme de linstitution transpara\u00eet \u00e0 l\u00e9vidence dans le programme exposant les motivations de ses fondateurs. On y lit : Il y a chez nous, \u00e0 c\u00f4t\u00e9 de r\u00e9ussites admirables, trop de vaincus, trop de r\u00e9sign\u00e9s qui nont dautre horizon pour eux et leur descendance que la mis\u00e8re et la souffrance. Nous sommes un groupe de jeunes qui avons \u00e9t\u00e9 frapp\u00e9s par ce probl\u00e8me angoissant. Cest vers notre jeunesse, vers la g\u00e9n\u00e9ration de demain que nous entendons diriger notre effort. Nous voulons que leur intelligence, leurs aptitudes, leur facilit\u00e9 dadaptation ne soient pas \u00e9touff\u00e9es par les tares ingu\u00e9rissables de la d\u00e9bilit\u00e9 physique et de la r\u00e9signation \u00e0 la mis\u00e8re. Ce ne sont pas des aum\u00f4nes que nous voulons leur apporter ; cest notre sollicitude, notre protection, notre affection. Schwartz, Maxime; Perrot, Annick. Pasteur et ses lieutenants, Roux, Yersin et les autres. Paris: Odile Jacob; 2013. DAlg\u00e9rie occupaient les villes et les meilleures terres, disposaient d\u00e9coles, <img decoding=\"async\" src=\"http:\/\/www.acta-archeo.com\/wp-content\/uploads\/sites\/2\/2015\/10\/AFFICHE-VIVRE-LHISTOIRE-1-jpeg.jpg\" alt=\"historique des rencontres maroc tunisie\" align=\"center\">  R\u00e9publique fran\u00e7aise confia \u00e0 un journaliste: LAlg\u00e9rie de papa   Le Lieutenant-Colonel Bardi de Fourtou nouveau promu commande le r\u00e9giment depuis le 4 novembre, en remplacement du Lieutenant-Colonel Gudin de Vallerin, bless\u00e9. Militaires conserv\u00e8rent une grande repr\u00e9sentation au sein du Comit\u00e9 <img decoding=\"async\" src=\"http:\/\/cdha.fr\/sites\/default\/files\/kcfinder\/images\/journ%C3%A9e_des_b%C3%A9n%C3%A9voles\/DSC_0137.jpg\" alt=\"historique des rencontres maroc tunisie\" align=\"center\"> Lhonorable participation de l\u00e9quipe nationale tunisienne a ouvert la voie \u00e0 lobtention de lAfrique de deux repr\u00e9sentants en 1982 en lEspagne o\u00f9 elle a \u00e9t\u00e9 repr\u00e9sent\u00e9e par lAlg\u00e9rie et le Cameroun.<\/p>\n","protected":false},"excerpt":{"rendered":"<p>historique des rencontres maroc tunisie<\/p>\n","protected":false},"author":1,"featured_media":0,"comment_status":"closed","ping_status":"closed","sticky":false,"template":"","format":"standard","meta":{"footnotes":""},"categories":[1],"tags":[],"_links":{"self":[{"href":"http:\/\/bauclassroom.com\/info\/wp-json\/wp\/v2\/posts\/11512"}],"collection":[{"href":"http:\/\/bauclassroom.com\/info\/wp-json\/wp\/v2\/posts"}],"about":[{"href":"http:\/\/bauclassroom.com\/info\/wp-json\/wp\/v2\/types\/post"}],"author":[{"embeddable":true,"href":"http:\/\/bauclassroom.com\/info\/wp-json\/wp\/v2\/users\/1"}],"replies":[{"embeddable":true,"href":"http:\/\/bauclassroom.com\/info\/wp-json\/wp\/v2\/comments?post=11512"}],"version-history":[{"count":1,"href":"http:\/\/bauclassroom.com\/info\/wp-json\/wp\/v2\/posts\/11512\/revisions"}],"predecessor-version":[{"id":11513,"href":"http:\/\/bauclassroom.com\/info\/wp-json\/wp\/v2\/posts\/11512\/revisions\/11513"}],"wp:attachment":[{"href":"http:\/\/bauclassroom.com\/info\/wp-json\/wp\/v2\/media?parent=11512"}],"wp:term":[{"taxonomy":"category","embeddable":true,"href":"http:\/\/bauclassroom.com\/info\/wp-json\/wp\/v2\/categories?post=11512"},{"taxonomy":"post_tag","embeddable":true,"href":"http:\/\/bauclassroom.com\/info\/wp-json\/wp\/v2\/tags?post=11512"}],"curies":[{"name":"wp","href":"https:\/\/api.w.org\/{rel}","templated":true}]}}