{"id":11664,"date":"2020-10-17T18:37:57","date_gmt":"2020-10-17T18:37:57","guid":{"rendered":"http:\/\/bauclassroom.com\/info\/?p=11664"},"modified":"2020-10-06T03:13:23","modified_gmt":"2020-10-06T03:13:23","slug":"rencontre-universite-entreprise","status":"publish","type":"post","link":"http:\/\/bauclassroom.com\/info\/2020\/10\/17\/rencontre-universite-entreprise\/","title":{"rendered":"Rencontre Universit\u00e9 Entreprise"},"content":{"rendered":"<p>Antoine Hubault, Charg\u00e9 de projets Europe et International, repr\u00e9sentant dElastop\u00f4le Calculez en ligne le montant des APL auxquelles vous avez droit. Obtenez une r\u00e9ponse en quelques minutes. Simple et gratuit. Selon Jean-Michel Blanquer, le ministre de lEducation nationale, tout comme les BTS, le sort des premi\u00e8res premi\u00e8res ann\u00e9es de pr\u00e9pa sera act\u00e9 fin mai, lors de lannonce de la r\u00e9ouverture ou non des lyc\u00e9es. Si elle est valid\u00e9e, ils pourront retourner en cours, contrairement aux deuxi\u00e8mes ann\u00e9es de classes pr\u00e9paratoires, qui se trouvent actuellement en pleines r\u00e9visions pour les \u00e9crits des concours, nous pr\u00e9cise le minist\u00e8re de lEnseignement sup\u00e9rieur. Participer aux entretiens planifi\u00e9s des Rendez-Vous de lEmploi du Minist\u00e8re de lEnseignement Sup\u00e9rieur et de la recherche 20 et 21 mars  29 Jean-Fran\u00e7ois Savard complexifie son approche du partenariat en y introduisant des dimensions interculturelles. Il illustre \u00e0 travers une exp\u00e9rience men\u00e9e \u00e0 partir de 2007, comment sest nou\u00e9e un partenariat assemblant deux institutions : l\u00c9cole nationale dadministration publique ENAP mandat\u00e9e par le gouvernement f\u00e9d\u00e9ral canadien et les gestionnaires du Conseil Cri de la sant\u00e9 et des services sociaux de la Baie-James CCSSSBJ associ\u00e9s \u00e0 des gestionnaires de diff\u00e9rentes communaut\u00e9s des Premi\u00e8res nations. Il sagissait principalement pour lENAP de sengager plus activement dans lappui \u00e0 la gouvernance en milieu autochtone en mettant en place des programmes de formation pour des gestionnaires des Premi\u00e8res nations d\u00e9j\u00e0 en poste. Dans une approche constructiviste, Jean-Fran\u00e7ois Savard t\u00e9moigne de la complexit\u00e9 dun dispositif qui valorise une exp\u00e9rience par certains points exemplaires, et qui met en relief les \u00e9cueils interculturels et interinstitutionnels qui se r\u00e9v\u00e8lent dans la conduite de projets dun tel type, cens\u00e9s relier deux soci\u00e9t\u00e9s aussi diff\u00e9rentes. Inscription gratuite et r\u00e9serv\u00e9e aux professionnels aupr\u00e8s de caroline-c.annenkofferdf-grdf.fr Lassistance p\u00e9dagogique \u00e0 domicile reste d\u00e9conseill\u00e9e en pr\u00e9sentiel. Elle se poursuit \u00e0 distance. Les cours d\u00e9ducation physique et sportive EPS vont-ils reprendre? A loccasion des Rencontres Nationales de Nos quartiers ont des talents, Lionel Collet, pr\u00e9sident de la Conf\u00e9rence des pr\u00e9sidents duniversit\u00e9 et Laurence Parisot, pr\u00e9sidente du Medef, ont sign\u00e9 le 23 novembre, la premi\u00e8re convention destin\u00e9e \u00e0 donner un cadre aux partenariats entre les universit\u00e9s et les Medef r\u00e9gionaux et territoriaux, et les f\u00e9d\u00e9rations professionnelles int\u00e9ress\u00e9es. <img decoding=\"async\" src=\"http:\/\/www.touraine.cci.fr\/sites\/tours.cci.fr\/files\/media\/180517_investir_vietnam.jpg\" alt=\"rencontre universit\u00e9 entreprise\" align=\"center\"> Pour la 12e \u00e9dition, les RUE sinstallent au Campus Condorcet! Loccasion r\u00eav\u00e9e de d\u00e9couvrir le dernier-n\u00e9 et le plus moderne des campus fran\u00e7ais. Le magazine Le Point classe le Programme Grande Ecole \u00e0 la 6 place sur 38 programmes fran\u00e7ais dans son de commerce. CNRS, Centre de recherches critiques sur le droit,  Par ailleurs, le ministre a \u00e9voqu\u00e9 les d\u00e9fis de lUniversit\u00e9 du futur qui exigent delle d\u00eatre \u00e0 l\u00e9coute de la demande industrielle, d\u00eatre flexible et non statique, ainsi que la cr\u00e9ation des p\u00f4les dexcellence et des campus de lintelligence, soulignant que la nouvelle vision de lUniversit\u00e9 doit \u00eatre coll\u00e9e \u00e0 la r\u00e9alit\u00e9 du monde. R\u00e9f\u00e9rence des SI au service des politiques de transport citoyen, Ineo Systrans con\u00e7oit, installe et fait \u00e9voluer les Syst\u00e8mes dAide \u00e0 lExploitation et dInformation des Voyageurs SAEIV. En tant que Responsable dAffaires, je massure de la bonne r\u00e9alisation de projets innovants, promoteurs de mobilit\u00e9 durable et mettant laccent sur lintermodalit\u00e9. Au quotidien, je massure du suivi technique, des plannings, de la qualit\u00e9 et g\u00e8re les budgets. En charge du suivi contractuel, financier et commercial, je suis linterlocutrice privil\u00e9gi\u00e9e de nos clients, les Autorit\u00e9s Organisatrices des Transports. Ce qui me challenge le plus? Me sentir actrice du quotidien et du bien-\u00eatre des voyageurs. Entrepreneuriat via laction entrepreneur un jour Rencontre Universit\u00e9 de Guyane et socioprofessionnels Luniversit\u00e9 lib\u00e9rale est celle du savoir d\u00e9sint\u00e9ress\u00e9, des hommes libres, cest-\u00e0-dire lib\u00e9r\u00e9s du travail manuel. Elle d\u00e9fend une \u00e9ducation g\u00e9n\u00e9rale qui apprend \u00e0 faire face aux situations vari\u00e9es et consid\u00e8re la formation professionnelle comme une mauvaise chose car elle soumet lhomme \u00e0 la logique utilitaire de travail ;  Nos chiffrages sont mod\u00e9lis\u00e9s sur la base dune liste d\u00e9taill\u00e9e des actions \u00e0 r\u00e9aliser et du temps n\u00e9cessaire pour le faire, le contr\u00f4ler et le valoriser par un travail sur les textes et les images. Jinterviens \u00e0 lUniversit\u00e9 Sorbonne Paris Nord, Orl\u00e9ans, Tours dans des formations ding\u00e9nieurs et mast\u00e8res sur les th\u00e9matiques de la gestion de projet et linnovation. En \u00e9cole de commerce, \u00e0 lESCEM, jenseigne les fondamentaux du marketing, le marketing op\u00e9rationnel en mettant en perspective les outils et les attitudes qui d\u00e9veloppent l\u00e9tat desprit marketing dans lentreprise. RENCONTRE USMBA-ENTREPRISE Entreprises et Universit\u00e9 : Les voies dun partenariat innovant en RD ap\u00e9ro Networking avec les entreprises participantes Sexprimant \u00e0 cette occasion, Pr\u00e9sident de lUniversit\u00e9, Professeur Radouane MRABET, a soulign\u00e9 que cette rencontre offre une occasion pour \u00e9changer avec les divers op\u00e9rateurs \u00e9conomiques de la r\u00e9gion, et de faire d\u00e9couvrir le potentiel \u00e9norme dont dispose luniversit\u00e9 pour le mettre \u00e0 la disposition du march\u00e9, et le d\u00e9ployer aussi pour les besoins de la r\u00e9gion, assurant que luniversit\u00e9 est au service de la r\u00e9gion et elle accorde un int\u00e9r\u00eat particulier au partenariat et collaboration avec le milieu socio-\u00e9conomique. <img decoding=\"async\" src=\"http:\/\/blocnotes.blogs.docteo.net\/wp-content\/uploads\/sites\/2\/2016\/06\/photo-groupe-760x427.jpg\" alt=\"rencontre universit\u00e9 entreprise\" align=\"right\"> Le dictionnaire dagro\u00e9cologie Le dictionnaire dagro\u00e9cologie est une ressource p\u00e9dagogique qui vise \u00e0 d\u00e9finir les termes qui se rapportent \u00e0 lagro\u00e9cologie. 2:35 Bonjour, Souvenir, jai travaill\u00e9 en bureau d\u00e9tudes pour Me.. <img decoding=\"async\" src=\"http:\/\/www.45enord.ca\/wp-content\/uploads\/2018\/03\/DSC_0039.jpg\" alt=\"rencontre universit\u00e9 entreprise\" align=\"right\">.<\/p>\n","protected":false},"excerpt":{"rendered":"<p>rencontre universit\u00e9 entreprise<\/p>\n","protected":false},"author":1,"featured_media":0,"comment_status":"closed","ping_status":"closed","sticky":false,"template":"","format":"standard","meta":{"footnotes":""},"categories":[1],"tags":[],"_links":{"self":[{"href":"http:\/\/bauclassroom.com\/info\/wp-json\/wp\/v2\/posts\/11664"}],"collection":[{"href":"http:\/\/bauclassroom.com\/info\/wp-json\/wp\/v2\/posts"}],"about":[{"href":"http:\/\/bauclassroom.com\/info\/wp-json\/wp\/v2\/types\/post"}],"author":[{"embeddable":true,"href":"http:\/\/bauclassroom.com\/info\/wp-json\/wp\/v2\/users\/1"}],"replies":[{"embeddable":true,"href":"http:\/\/bauclassroom.com\/info\/wp-json\/wp\/v2\/comments?post=11664"}],"version-history":[{"count":1,"href":"http:\/\/bauclassroom.com\/info\/wp-json\/wp\/v2\/posts\/11664\/revisions"}],"predecessor-version":[{"id":11665,"href":"http:\/\/bauclassroom.com\/info\/wp-json\/wp\/v2\/posts\/11664\/revisions\/11665"}],"wp:attachment":[{"href":"http:\/\/bauclassroom.com\/info\/wp-json\/wp\/v2\/media?parent=11664"}],"wp:term":[{"taxonomy":"category","embeddable":true,"href":"http:\/\/bauclassroom.com\/info\/wp-json\/wp\/v2\/categories?post=11664"},{"taxonomy":"post_tag","embeddable":true,"href":"http:\/\/bauclassroom.com\/info\/wp-json\/wp\/v2\/tags?post=11664"}],"curies":[{"name":"wp","href":"https:\/\/api.w.org\/{rel}","templated":true}]}}