{"id":11836,"date":"2020-10-17T09:52:58","date_gmt":"2020-10-17T09:52:58","guid":{"rendered":"http:\/\/bauclassroom.com\/info\/?p=11836"},"modified":"2020-10-06T09:14:11","modified_gmt":"2020-10-06T09:14:11","slug":"rencontres-botaniques","status":"publish","type":"post","link":"http:\/\/bauclassroom.com\/info\/2020\/10\/17\/rencontres-botaniques\/","title":{"rendered":"Rencontres Botaniques"},"content":{"rendered":"<p>Au Jardin botanique de lUniversit\u00e9 de Strasbourg les saisons sont marqu\u00e9es par les \u00e9v\u00e9nements et manifestations qui ponctuent lann\u00e9e. <img decoding=\"async\" src=\"http:\/\/p7.storage.canalblog.com\/78\/11\/534760\/64577500.jpg\" alt=\"rencontres botaniques\" align=\"right\">, lartiste dont sans doute il \u00e9tait le plus proche Cette sentence du grand homme a fait couler beaucoup dencre. Nombreux sont ceux qui ont lu cette phrase comme celle dune promesse dune r\u00e9forme de lIslam. Il nen est rien. Pour le juriste, le rationnel et le r\u00e9v\u00e9l\u00e9 sont deux voies distinctes dacc\u00e9der \u00e0 la v\u00e9rit\u00e9. -Ali Benmakhlouf, Jean-Baptiste Brenet,, Edition Les Belles Lettres, 2015. <img decoding=\"async\" src=\"http:\/\/www.gentiana.org\/sites\/commun\/generique\/fckeditor\/Image\/RBA2016\/compressees\/gest_gre_musee_art%20(9)%20%5B640x480%5D.JPG\" alt=\"rencontres botaniques\" align=\"right\"> Bulle de verdure au centre de la cit\u00e9 de Meyrin, \u00e0 louest de Gen\u00e8ve, le Jardin alpin regroupe 3000 esp\u00e8ces de plantes dici et dailleurs, un parc animalier et un parc de jeux pour enfants. Vers midi, on sinstallera en salle pour un pique-nique tir\u00e9 du sac puis on prendra un moment pour faire le point sur o\u00f9 en est BVBota, quels sont les projets et r\u00e9diger la feuille de route. Les comptes-rendus des pr\u00e9c\u00e9dentes r\u00e9unions sont disponibles pour alimenter la r\u00e9flexion. Vous pouvez en suivre les commentaires par le biais du flux CR\u00c9E : cr\u00e9ation et expression artistique, savoir-faire Pour les for\u00eats riveraines et les fourr\u00e9s humides, on peut citer :  <img decoding=\"async\" src=\"http:\/\/crete.decouverte.free.fr\/Dictame%20Origanum%20dictamnus.jpg\" alt=\"rencontres botaniques\" align=\"left\"> Les Botaniques de Chaumont-sur-Loire r\u00e9sulte dun partenariat entre le Domaine de Chaumont-sur-Loire et lassociation Plantes et Cultures, association de p\u00e9pini\u00e9ristes producteurs r\u00e9unis autour de la promotion de la diversit\u00e9 v\u00e9g\u00e9tale, le respect de lenvironnement, la transmission des savoir-faire et la valorisation du travail de p\u00e9pini\u00e9riste producteur et collectionneur. Cette journ\u00e9e vous permettra de d\u00e9couvrir les diff\u00e9rents outils FlorisTic, des t\u00e9moignages sur leurs usages dans le domaine de lenseignement, de la m\u00e9diation scientifique, mais aussi dans celui de la valorisation et la gestion despaces verts et espaces naturels. 2016 D\u00e9cembre Novembre Octobre Septembre Ao\u00fbt Juillet Juin Mai Avril Mars F\u00e9vrier Janvier De plus, le d\u00e9confinement a pour cons\u00e9quence un apport important de d\u00e9chets papiers, cartons demballage alimentaire, gobelets, canettes et bouteilles y compris de fa\u00e7on erratique dans certaines rues, au pied dimmeubles ou sur les places et squares. Pour autant, ces travaux et ces exp\u00e9riences peinent \u00e0 franchir lobstacle physique que constitue le Massif central pour \u00eatre partag\u00e9s et connus au del\u00e0 des grandes villes universitaires. Gentiana et le CBNA organisent les Rencontres botaniques alpines 2016 qui se tiendront du 28 au 30 avril prochain \u00e0 Grenoble. Cette adresse e-mail est prot\u00e9g\u00e9e contre les robots spammeurs. Vous devez activer le JavaScript pour la visualiser. Votre nom complet Votre adresse e-mail Votre message \u00c9changez avec la communaut\u00e9 et contribuez \u00e0 la co-cr\u00e9ation de projets botaniques Site officiel du Tourisme dans le Gers Sud-Ouest Occitanie sentier botanique 32459 valence-sur-ba\u00efse gers .<\/p>\n","protected":false},"excerpt":{"rendered":"<p>rencontres botaniques<\/p>\n","protected":false},"author":1,"featured_media":0,"comment_status":"closed","ping_status":"closed","sticky":false,"template":"","format":"standard","meta":{"footnotes":""},"categories":[1],"tags":[],"_links":{"self":[{"href":"http:\/\/bauclassroom.com\/info\/wp-json\/wp\/v2\/posts\/11836"}],"collection":[{"href":"http:\/\/bauclassroom.com\/info\/wp-json\/wp\/v2\/posts"}],"about":[{"href":"http:\/\/bauclassroom.com\/info\/wp-json\/wp\/v2\/types\/post"}],"author":[{"embeddable":true,"href":"http:\/\/bauclassroom.com\/info\/wp-json\/wp\/v2\/users\/1"}],"replies":[{"embeddable":true,"href":"http:\/\/bauclassroom.com\/info\/wp-json\/wp\/v2\/comments?post=11836"}],"version-history":[{"count":1,"href":"http:\/\/bauclassroom.com\/info\/wp-json\/wp\/v2\/posts\/11836\/revisions"}],"predecessor-version":[{"id":11837,"href":"http:\/\/bauclassroom.com\/info\/wp-json\/wp\/v2\/posts\/11836\/revisions\/11837"}],"wp:attachment":[{"href":"http:\/\/bauclassroom.com\/info\/wp-json\/wp\/v2\/media?parent=11836"}],"wp:term":[{"taxonomy":"category","embeddable":true,"href":"http:\/\/bauclassroom.com\/info\/wp-json\/wp\/v2\/categories?post=11836"},{"taxonomy":"post_tag","embeddable":true,"href":"http:\/\/bauclassroom.com\/info\/wp-json\/wp\/v2\/tags?post=11836"}],"curies":[{"name":"wp","href":"https:\/\/api.w.org\/{rel}","templated":true}]}}