{"id":11912,"date":"2020-10-17T15:23:54","date_gmt":"2020-10-17T15:23:54","guid":{"rendered":"http:\/\/bauclassroom.com\/info\/?p=11912"},"modified":"2020-10-06T11:57:52","modified_gmt":"2020-10-06T11:57:52","slug":"rencontre-brel-st-pierre","status":"publish","type":"post","link":"http:\/\/bauclassroom.com\/info\/2020\/10\/17\/rencontre-brel-st-pierre\/","title":{"rendered":"Rencontre Brel St Pierre"},"content":{"rendered":"<p>INFOS par Aur\u00e9lien Martinez le Mardi 7 juillet 2015 Certes, on a sorti fin juin notre suppl\u00e9ment consacr\u00e9 au festivals en Rh\u00f4ne-Alpes, mais ce nest pas une raison pour ne pas reparler de ceux pr\u00e9vus autour de.. <img decoding=\"async\" src=\"http:\/\/cdn.chartreuse-tourisme.com\/2013\/10\/AUGIER_st-pierre-entremont2_HD_optim~crop_500_300_90.jpg\" alt=\"rencontre brel st pierre\" align=\"left\"> <img decoding=\"async\" src=\"http:\/\/guide-festivals.eu\/upload\/fiche\/3813-2.jpg\" alt=\"rencontre brel st pierre\" align=\"center\">  Lann\u00e9e 2020 aurait d\u00fb \u00eatre un grand moment festif, celui de lann\u00e9e de la Bretagne et du 50e anniversaire du FIL. \u00c0 cause de l\u00e9pid\u00e9mie du COVID-19, il nen sera rien. Le FIL f\u00eatera donc lann\u00e9e de la Bretagne et ses 50 ans du 6 au 15 ao\u00fbt 2021. Mantes-la-Jolie, situ\u00e9e aux portes de la Normandie et de l\u00cele-de France, est une ancienne cit\u00e9 m\u00e9di\u00e9vale, une ville au patrimoine riche, \u00e0 larchitecture moderne et au cadre naturel. Mantes poss\u00e8de aussi deux joyaux historiques : la Coll\u00e9giale Notre Dame et le mus\u00e9e de lH\u00f4tel-Dieu Maximilien Luce, \u00e0 ne pas manquer! Elles seront \u00e9galement utilis\u00e9es sous r\u00e9serve des options souscrites, \u00e0 des fins de ciblage publicitaire. <img decoding=\"async\" src=\"http:\/\/i.ytimg.com\/vi\/rMC2U-I2rb4\/maxresdefault.jpg\" alt=\"rencontre brel st pierre\" align=\"center\"> Publi\u00e9 hier \u00e0 13h48, mis \u00e0 jour \u00e0 06h07 Article r\u00e9serv\u00e9 \u00e0 nos abonn\u00e9s Publi\u00e9 le 11 juin 2020 \u00e0 14h33, mis \u00e0 jour hier \u00e0 06h17 Chronique Article r\u00e9serv\u00e9 \u00e0 nos abonn\u00e9s La 9e \u00e9dition de la manifestation consacr\u00e9e au cin\u00e9ma ind\u00e9pendant se d\u00e9roulera en ligne du 9 au 16 juin. Au programme notamment, une master-class du Britannique et un documentaire sur lidole des jeunes. Publier mon annonce l\u00e9gale au meilleur prix FIL INFO Dans les neuf r\u00e9gions comprenant plusieurs acad\u00e9mies, le recteur de r\u00e9gion acad\u00e9mique pr\u00e9side un comit\u00e9 r\u00e9gional acad\u00e9mique o\u00f9 si\u00e8gent tous les recteurs de la r\u00e9gion. Cette instance permet dharmoniser, au sein de la r\u00e9gion acad\u00e9mique, les politiques publiques de l\u00c9ducation nationale, de lEnseignement sup\u00e9rieur et de la Recherche. Enregistrer mon nom, mon e-mail et mon site web dans le navigateur pour mon prochain commentaire. En attendant, la rumeur a tout de m\u00eame fait son chemin sur le massif Et elle semble se confirmer en cette fin de semaine. Un document que nous nous sommes procur\u00e9 aurait \u00e9t\u00e9 adress\u00e9 aux b\u00e9n\u00e9voles du festival musical. Le responsable de lassociation LEph\u00e9m\u00e8re y confirme ce que beaucoup pr\u00e9sageaient : Apr\u00e8s plus de 31 ans dexistence, le festival Le Grand Son tire sa r\u00e9v\u00e9rence. Plus que l\u00e9dition \u00e0 venir, ce serait donc la fin de ce festival trentenaire. Salle des f\u00eates 16h30 Assis TR 7 TN 9 TE 8 : Les Kag-T\u00e9l\u00e9chargez-nous gratuitement Le festival accompagne ses vues sur le superbe massif de la Chartreuse avec un panorama musical de grande ampleur, o\u00f9 lon trouve un m\u00e9lange savant de musiques : indie, pop, reggae, hip-hop, metal, musiques du monde et slam y sont notamment repr\u00e9sent\u00e9s. D\u00c9COUVREZ AUSSI LAMUZGUEULE https:www.facebook.comlamuzgueule NA\u00c2MANhttp:www.naaman-official.com RAGE AGAINST THE MARMOTTEShttp:www.rageagainstthemarmottes.comaccueilp HOLY BONEShttps:www.facebook.compagesHoly-Bones-Grenoble381918495194770 SKOOB LE ROIhttps:myspace.comskoobleroi DANAKILhttp:www.danakil.fr QUINTANA https:www.facebook.compagesQUINTANA188574321227002 HAROLD MARTINEZhttp:harold-martinez.comdead-man PROTOJEhttp:www.protoje.com TAIWAN MChttps:www.facebook.comtaiwan.mc?frefnf GANDULhttps:www.youtube.comwatch?v1jrIk81MVK8 KE ONDAhttp:www.keonda.fr LISA LEBLANChttp:www.lisaleblanc.ca AMPARO S\u00c1NCHEZhttp:www.amparosanchez.infohttp:www.amparosanchez.info KA\u00cfNA AND THE SOULTWINShttp:www.echoprod.frtourartisteskaina-the-soultwins MOUNTAIN MENhttp:www.mountain-men.fr et dautres animationshttp:www.rencontresbrel.frprogrammationdimanche-27-juillet-2014dans-le-villagela-corde-a-linge-compagnie-ekart-compagnie-bougrelas-chanteurs-de-sornette-alexandra-martin-centre-kapla-theatre-de-la-toupine-et-sac-a-jeux \u00df Stolen Sweetheats http:www.myspace.comstolenfjrs Chapiteau 20h30 Assis TPV 24 TR 27 TN 29 TE 8 : Check here to Subscribe to notifications for new posts  Jacques Villeret-Archives-Emission Vivement Dimanche Paris, le 01 octobre 2000-Actuellement, 12 membres sont connect\u00e9s sur le site. A la recherche dune belle exposition gratuite \u00e0 voir en juin 2020? Paris revit avec des belles installations dans les petites galeries, dans des lieux \u00e9ph\u00e9m\u00e8res exceptionnels, des mus\u00e9es et m\u00eame dans les rues : il suffit de suivre ce guide! Le podcast des faits divers, des crimes et des proc\u00e8s, un mercredi sur deux. Vous pouvez \u00e0 tout moment utiliser le lien de d\u00e9sabonnement int\u00e9gr\u00e9 dans la newsletter. .<\/p>\n","protected":false},"excerpt":{"rendered":"<p>rencontre brel st pierre<\/p>\n","protected":false},"author":1,"featured_media":0,"comment_status":"closed","ping_status":"closed","sticky":false,"template":"","format":"standard","meta":{"footnotes":""},"categories":[1],"tags":[],"_links":{"self":[{"href":"http:\/\/bauclassroom.com\/info\/wp-json\/wp\/v2\/posts\/11912"}],"collection":[{"href":"http:\/\/bauclassroom.com\/info\/wp-json\/wp\/v2\/posts"}],"about":[{"href":"http:\/\/bauclassroom.com\/info\/wp-json\/wp\/v2\/types\/post"}],"author":[{"embeddable":true,"href":"http:\/\/bauclassroom.com\/info\/wp-json\/wp\/v2\/users\/1"}],"replies":[{"embeddable":true,"href":"http:\/\/bauclassroom.com\/info\/wp-json\/wp\/v2\/comments?post=11912"}],"version-history":[{"count":1,"href":"http:\/\/bauclassroom.com\/info\/wp-json\/wp\/v2\/posts\/11912\/revisions"}],"predecessor-version":[{"id":11913,"href":"http:\/\/bauclassroom.com\/info\/wp-json\/wp\/v2\/posts\/11912\/revisions\/11913"}],"wp:attachment":[{"href":"http:\/\/bauclassroom.com\/info\/wp-json\/wp\/v2\/media?parent=11912"}],"wp:term":[{"taxonomy":"category","embeddable":true,"href":"http:\/\/bauclassroom.com\/info\/wp-json\/wp\/v2\/categories?post=11912"},{"taxonomy":"post_tag","embeddable":true,"href":"http:\/\/bauclassroom.com\/info\/wp-json\/wp\/v2\/tags?post=11912"}],"curies":[{"name":"wp","href":"https:\/\/api.w.org\/{rel}","templated":true}]}}