{"id":11958,"date":"2020-10-17T16:51:12","date_gmt":"2020-10-17T16:51:12","guid":{"rendered":"http:\/\/bauclassroom.com\/info\/?p=11958"},"modified":"2020-10-06T13:42:08","modified_gmt":"2020-10-06T13:42:08","slug":"assise-rencontre-religions","status":"publish","type":"post","link":"http:\/\/bauclassroom.com\/info\/2020\/10\/17\/assise-rencontre-religions\/","title":{"rendered":"Assise Rencontre Religions"},"content":{"rendered":"<p>Retrouvez chaque matin le meilleur des articles de korii, le site biz et tech par Slate. <img decoding=\"async\" src=\"http:\/\/www.cathobel.be\/wp-content\/uploads\/2011\/10\/Assise_paix.jpg\" alt=\"assise rencontre religions\" align=\"center\"> consult\u00e9 le 13 juin 2020. URL : http:www.universalis.frevenement27-octobre-1986-rencontre-interreligieuse-a-assise-en-faveur-de-la-paix-a-l-initiative-du-pape-jean-paul-ii Autoplay When autoplay is enabled, a suggested video will automatically play next. La v\u00e9rification e-mail a \u00e9chou\u00e9, veuillez r\u00e9essayer De fait, le, la publication du programme de la rencontre laisse appara\u00eetre une modification par rapport \u00e0 lorganisation des journ\u00e9es pr\u00e9c\u00e9dentes. Il nest pas pr\u00e9vu que les repr\u00e9sentants des diff\u00e9rentes religions prient c\u00f4te \u00e0 c\u00f4te, le pape tenant dailleurs lui-m\u00eame \u00e0 une veill\u00e9e de pri\u00e8re pour la paix la veille avec les fid\u00e8les de son dioc\u00e8se. Une autre particularit\u00e9 est linvitation de personnalit\u00e9s de la culture et de la science non croyantes mais engag\u00e9s dans la recherche de la v\u00e9rit\u00e9 et conscients dune responsabilit\u00e9 partag\u00e9e pour la cause de la justice et de la paix,. Le point de d\u00e9part est de reconna\u00eetre que Dieu est \u00e0 lorigine de lunique famille humaine. Lui, qui est le Cr\u00e9ateur de tout et de tous, veut que nous vivions en fr\u00e8res et s\u0153urs, habitant la maison commune de la cr\u00e9ation quil nous a donn\u00e9e. Se fonde ici, aux racines de notre humanit\u00e9 commune, la fraternit\u00e9, comme vocation contenue dans le dessein cr\u00e9ateur de Dieu 1. Elle nous dit que nous avons tous une \u00e9gale dignit\u00e9 et que personne ne peut \u00eatre patron ou esclave des autres Politiques. Elle donne des arguments \u00e0 ceux qui estiment que le dialogue  apr\u00e8s, \u00e0 la basilique Sainte-Marie des Anges dAssise, Beno\u00eet XVI a accueilli <img decoding=\"async\" src=\"http:\/\/idata.over-blog.com\/1\/53\/46\/87\/Prise-d-habit-2013\/DSC04387.JPG\" alt=\"assise rencontre religions\" align=\"left\"> Dautres instances musulmanes, telle que lUnion des mosqu\u00e9es de France, ont aussi choisi au calendrier \u00e9mis par le gouvernement. Diversit\u00e9 de r\u00e9actions et de traditions Il est ind\u00e9niable quen ce d\u00e9but de XXIsi\u00e8cle Saint-Fran\u00e7ois dAssise est une personnalit\u00e9 au rayonnement incomparable qui rejoint les pr\u00e9occupations de nos contemporains, les valeurs humaines fondamentales auxquelles un grand nombre aspire.  Musique chr\u00e9tienne La cl\u00e9 de la foi est daccepter la parole de Dieu comme la r\u00e9alit\u00e9 de la vie Le 27, \u00e0 Assise, pr\u00e8s de deux cents repr\u00e9sentants de douze religions se r\u00e9unissent \u00e0 linvitation de Jean-Paul II qui avait lanc\u00e9, le 25 janvier, lid\u00e9e dune rencontre de pri\u00e8re pour la paix co\u00efncidant avec lAnn\u00e9e internationale de la paix 1986 proclam\u00e9e par lO.N.U. Compl\u00e9tant cette id\u00e9e, le 4 octobre, au cours de sa visite \u00e0 Lyon, Jean-Paul II avait appel\u00e9 \u00e0 une tr\u00eave compl\u00e8te des combats dans le monde pour cette journ\u00e9e. Apr\u00e8s avoir \u00e9cout\u00e9, le matin, une allocution pontificale sur le th\u00e8me de la paix, chaque groupe religieux se retire dans un lieu diff\u00e9rent pour prier, avant de se rassembler devant la basilique sup\u00e9rieure de Saint-Fran\u00e7ois pour une c\u00e9r\u00e9monie o\u00f9 soixante-trois chefs religieux, venus dune trentaine de pays et repr\u00e9sentant pr\u00e8s de trois milliards dhommes, communient dans une m\u00eame pens\u00e9e. Malheureusement, lappel \u00e0 la tr\u00eave des combats, sil a donn\u00e9 lieu \u00e0 de nombreuses r\u00e9ponses positives parvenues au Vatican, ne semble pas avoir \u00e9t\u00e9 vraiment effectif sur le terrain, sauf en Am\u00e9rique centrale. Les c\u00e9l\u00e9brants ont pris place dans le ch\u0153ur : Mgr Xavier Malle, \u00e9v\u00eaque de Gap, les responsables des associations musulmanes de Gap, ainsi que J\u00e9r\u00f4me Mazet, orthodoxe, le Fr\u00e8re franciscain Jean-Dominique Dubois, le P\u00e8re Pierre Fournier, du Service dioc\u00e9sain du dialogue interreligieux. Pour leur part, le pasteur Arnaud van den Wiele, de lEglise protestante unie EPU, et Georges Koutnouyan, de lassociation arm\u00e9nienne apostolique, \u00e9taient excus\u00e9s. Tasmiha Khan sint\u00e9resse souvent \u00e0 la vie de la communaut\u00e9 musulmane am\u00e9ricaine. Suivez-la sur Aminata, 16 ans, Grand-Est, Victime de harc\u00e8lement et de menace arm\u00e9e Abraham, p\u00e8re des croyants, vu par nos trois religions.  Province des fr\u00e8res mineurs de France et de Belgique Le cardinal a eu une position critique \u00e0 l\u00e9gard de la premi\u00e8re rencontre dAssise, craignant quon puisse y voir une affirmation de l\u00e9galit\u00e9 des religions et na pas pris part \u00e0 cette r\u00e9union. La r\u00e9daction par la, dont il est alors pr\u00e9fet, de la d\u00e9claration, r\u00e9affirmant que l\u00c9glise est seule source de pour lhumanit\u00e9, est souvent cit\u00e9e comme une r\u00e9ponse aux risques d\u00e9quivoque. Le cardinal Ratzinger participe pour la premi\u00e8re fois aux rencontres dAssise lors de leur troisi\u00e8me \u00e9dition, en 2002. Il en dressera \u00e0 son tour un portrait \u00e9logieux, mais soulignant qu il ne sagissait daffirmer une \u00e9galit\u00e9 des religions, qui nexiste pas. Assise a \u00e9t\u00e9 plut\u00f4t lexpression dun chemin, dune recherche, du p\u00e8lerinage pour la paix qui ne lest que si elle est unie \u00e0 la justice. Il voit dans ces rencontres un chemin de purification pour tous, chr\u00e9tiens compris, dans lequel nous ne devons pas craindre de perdre notre identit\u00e9 : cest justement alors que nous la trouvons. La forme et le contenu de nos pri\u00e8res sont tr\u00e8s diff\u00e9rents, comme nous lavons vu, et il ne peut \u00eatre question de les r\u00e9duire \u00e0 une sorte de commun d\u00e9nominateur. <img decoding=\"async\" src=\"http:\/\/news.abamako.com\/img_photos\/L\/Fondationforumdebamako-0003.jpg\" alt=\"assise rencontre religions\" align=\"left\">.<\/p>\n","protected":false},"excerpt":{"rendered":"<p>assise rencontre religions<\/p>\n","protected":false},"author":1,"featured_media":0,"comment_status":"closed","ping_status":"closed","sticky":false,"template":"","format":"standard","meta":{"footnotes":""},"categories":[1],"tags":[],"_links":{"self":[{"href":"http:\/\/bauclassroom.com\/info\/wp-json\/wp\/v2\/posts\/11958"}],"collection":[{"href":"http:\/\/bauclassroom.com\/info\/wp-json\/wp\/v2\/posts"}],"about":[{"href":"http:\/\/bauclassroom.com\/info\/wp-json\/wp\/v2\/types\/post"}],"author":[{"embeddable":true,"href":"http:\/\/bauclassroom.com\/info\/wp-json\/wp\/v2\/users\/1"}],"replies":[{"embeddable":true,"href":"http:\/\/bauclassroom.com\/info\/wp-json\/wp\/v2\/comments?post=11958"}],"version-history":[{"count":1,"href":"http:\/\/bauclassroom.com\/info\/wp-json\/wp\/v2\/posts\/11958\/revisions"}],"predecessor-version":[{"id":11959,"href":"http:\/\/bauclassroom.com\/info\/wp-json\/wp\/v2\/posts\/11958\/revisions\/11959"}],"wp:attachment":[{"href":"http:\/\/bauclassroom.com\/info\/wp-json\/wp\/v2\/media?parent=11958"}],"wp:term":[{"taxonomy":"category","embeddable":true,"href":"http:\/\/bauclassroom.com\/info\/wp-json\/wp\/v2\/categories?post=11958"},{"taxonomy":"post_tag","embeddable":true,"href":"http:\/\/bauclassroom.com\/info\/wp-json\/wp\/v2\/tags?post=11958"}],"curies":[{"name":"wp","href":"https:\/\/api.w.org\/{rel}","templated":true}]}}