{"id":11996,"date":"2020-10-17T04:44:46","date_gmt":"2020-10-17T04:44:46","guid":{"rendered":"http:\/\/bauclassroom.com\/info\/?p=11996"},"modified":"2020-10-06T15:06:20","modified_gmt":"2020-10-06T15:06:20","slug":"rencontres-sig-2011","status":"publish","type":"post","link":"http:\/\/bauclassroom.com\/info\/2020\/10\/17\/rencontres-sig-2011\/","title":{"rendered":"Rencontres Sig 2011"},"content":{"rendered":"<p>Conf\u00e9rence de presse des Pr\u00e9sidents de la FFBB et de la LNB Thierry Joliveau, Matthieu Noucher, Laurent Couderchet, S\u00e9bastien Caquard. Enseigner le g\u00e9oweb par la pratique et la critique. : Retour sur sept ann\u00e9es de cours \u00e0 distance. Ing\u00e9ni\u00e9rie des Syst\u00e8mes dInformation, Lavoisier, 2017, 22 5,. Certains parents commencent m\u00eame \u00e0 sinvestir au sein du club en apportant leur aide pr\u00e9cieuse pour le bon fonctionnement de la SIG. Toutes les informations et les documents relatifs \u00e0 lann\u00e9e 2007 \u00c9crit par P\u00f4le Nouvelles Technologies-P\u00d4NT-Entente pour la for\u00eat M\u00e9diterran\u00e9enne La Conf\u00e9rence Francophone de Esri SIG 2011 aura lieu les 05 et 06 octobre \u00e0 Versailles 78. De nombreuses sculptures comme celle-ci ornent des parois, le plus souvent pr\u00e8s de lieux o\u00f9 les explorateurs ont coutume de sarr\u00eater. O\u00f9 explorer? Strat\u00e9gie locale de d\u00e9confinement Actualit\u00e9s Accueil-Les services de l\u00c9tat dans le FINIST\u00c8RE Fran\u00e7oise Gourmelon, Matthieu Noucher, Jade Georis-Creuseveau, Xavier Amelot, Pierre Gautreau, Gr\u00e9goire Le Campion, Adeline Maulpoix, Julie Pierson, Olivier Pissoat et Mathias Rouan. An integrated conceptual framework for SDI research: experiences from French case studies, International Journal of Spatial Data Infrastructures Research, Joint Research Centre of the European Commission, vol. 14, 2019, pp 54-82. <img decoding=\"async\" src=\"http:\/\/love.mixed-race-children.com\/bibliotheque\/auteurs\/-3.jpg\" alt=\"rencontres sig 2011\" align=\"center\">, pr\u00e9sident de la section pro 133 s\u00e9lections en \u00e9quipe de France Universit\u00e9 Bordeaux Montaigne, Master Innovation territoriale et exp\u00e9rimentation : controverses cartographiques   La Montagne est une jeune commune r\u00e9sidentielle dominant la rive sud de la Loire. \u00c0 30 minutes de la mer, cest une ville \u00e0 la campagne dont la qualit\u00e9 de vie est appr\u00e9ciable et le secteur \u00e9conomique en essor. De la naissance \u00e0 6 ans : au commencement des droits Alexis Ajin\u00e7a est \u00e0 15 points de moyenne, mais sur un seul match ; Justin Harper en \u00e9tait \u00e0 13 avant son d\u00e9part. Le salon Mobility for Business aura lieu les 11 et 12 octobre au Cnit de Paris la D\u00e9fense 92. <img decoding=\"async\" src=\"http:\/\/cdn.purple.fr\/1b1f8fcbea48cb850b7901838f5c9cf5\/static.purple.fr\/2015\/06\/IMG_8659-copie-300x200.jpg\/300x300\/IMG_8659-copie-300x200.jpg\" alt=\"rencontres sig 2011\" align=\"center\"> Le S.I.G. Du Pays Gapen\u00e7ais a \u00e9t\u00e9 mis en place afin daider les collectivit\u00e9s membres dans la gestion quotidienne de leur comp\u00e9tences : urbanisme, am\u00e9nagement, r\u00e9seaux deau et dassainissement, \u00e9clairage public, voirie, ordures m\u00e9nag\u00e8res.Le cadastre a \u00e9t\u00e9 num\u00e9ris\u00e9 \u00e0 cet effet et constitue linformation de base. Ces dispositions provisoires dacc\u00e8s au lac sont prises \u00e0 la demande des maires des huit communes du lac dAnnecy et ne sont valables que jusquau 3 juin prochain. Elles sont susceptibles d\u00e9voluer en fonction de la circulation du virus et du bilan qui sera fait, \u00e0 cette date, pour notre d\u00e9partement. Chacun dentre nous a pu faire lexp\u00e9rience de d\u00e9couvertes surprenantes dans sa vie de tous les jours, dans ses promenades ou ses errances. Chaque cas de s\u00e9rendipit\u00e9 rend compte de la part du hasard comme source dimprovisation dans le d\u00e9veloppement des id\u00e9es et dans lhistoire des formes. Je parlerai de la gen\u00e8se de ce ph\u00e9nom\u00e8ne pour mieux d\u00e9terminer son degr\u00e9 dintervention dans nos pratiques, nos voyages, nos rencontres. Que faisons-nous de cette part de r\u00eave ou de libert\u00e9 que nous laisse la s\u00e9rendipit\u00e9 dans un monde obs\u00e9d\u00e9 par lorganisation, la pr\u00e9vision ou le management? Minist\u00e8re de la Transition \u00e9cologique et solidaire MTES Potentiels heuristiques et enjeux de recherche, Linformation g\u00e9ographique, vol. 82, pp. 39-61 pr\u00e9sidentielles et l\u00e9gislatives devant avoir lieu dans ce pays annexe I. <img decoding=\"async\" src=\"http:\/\/mkt.bca.srl\/doc\/LUG_OTT4.png\" alt=\"rencontres sig 2011\" align=\"center\">  Porter \u00e0 connaissance du 28 juillet 2011, cartographie d\u00e9partementale et annexe relative \u00e0 la nouvelle r\u00e9glementation parasismique.<\/p>\n","protected":false},"excerpt":{"rendered":"<p>rencontres sig 2011<\/p>\n","protected":false},"author":1,"featured_media":0,"comment_status":"closed","ping_status":"closed","sticky":false,"template":"","format":"standard","meta":{"footnotes":""},"categories":[1],"tags":[],"_links":{"self":[{"href":"http:\/\/bauclassroom.com\/info\/wp-json\/wp\/v2\/posts\/11996"}],"collection":[{"href":"http:\/\/bauclassroom.com\/info\/wp-json\/wp\/v2\/posts"}],"about":[{"href":"http:\/\/bauclassroom.com\/info\/wp-json\/wp\/v2\/types\/post"}],"author":[{"embeddable":true,"href":"http:\/\/bauclassroom.com\/info\/wp-json\/wp\/v2\/users\/1"}],"replies":[{"embeddable":true,"href":"http:\/\/bauclassroom.com\/info\/wp-json\/wp\/v2\/comments?post=11996"}],"version-history":[{"count":1,"href":"http:\/\/bauclassroom.com\/info\/wp-json\/wp\/v2\/posts\/11996\/revisions"}],"predecessor-version":[{"id":11997,"href":"http:\/\/bauclassroom.com\/info\/wp-json\/wp\/v2\/posts\/11996\/revisions\/11997"}],"wp:attachment":[{"href":"http:\/\/bauclassroom.com\/info\/wp-json\/wp\/v2\/media?parent=11996"}],"wp:term":[{"taxonomy":"category","embeddable":true,"href":"http:\/\/bauclassroom.com\/info\/wp-json\/wp\/v2\/categories?post=11996"},{"taxonomy":"post_tag","embeddable":true,"href":"http:\/\/bauclassroom.com\/info\/wp-json\/wp\/v2\/tags?post=11996"}],"curies":[{"name":"wp","href":"https:\/\/api.w.org\/{rel}","templated":true}]}}