{"id":12032,"date":"2020-10-18T09:29:44","date_gmt":"2020-10-18T09:29:44","guid":{"rendered":"http:\/\/bauclassroom.com\/info\/?p=12032"},"modified":"2020-10-06T16:43:24","modified_gmt":"2020-10-06T16:43:24","slug":"rencontre-franco-suisse-des-urbanistes","status":"publish","type":"post","link":"http:\/\/bauclassroom.com\/info\/2020\/10\/18\/rencontre-franco-suisse-des-urbanistes\/","title":{"rendered":"Rencontre Franco Suisse Des Urbanistes"},"content":{"rendered":"<p>La phase doccupation la plus ancienne connue est celle du moyen, lorsque des groupes dagriculteurs-\u00e9leveurs sinstallent sur la terrasse littorale nouvellement lib\u00e9r\u00e9e par la baisse des eaux, alors que le lac est \u00e0 un niveau fort bas vers 368 m. La station de a laiss\u00e9 des vestiges dat\u00e9s de 3856 av J-C. <img decoding=\"async\" src=\"http:\/\/eurocles.com\/data\/architecture\/c\/corbusier\/cobusier-chandrigarh.jpg\" alt=\"rencontre franco suisse des urbanistes\" align=\"right\"> penser la marche urbaine, Atelier M\u00e9tiers La marche, un mode de La, bien que sujet \u00e0 d\u00e9saccord, est interdite sur lensemble du L\u00e9man en vertu dans accord entre la France et la Suisse. Statistiques : Garder une trace de votre emplacement et de votre r\u00e9gion en fonction de votre IP ASAnumerica, Universit\u00e9 de Lausanne, dans le cadre du S\u00e9minaire interfacultaire 2020 Le num\u00e9rique, limpens\u00e9 de lenvironnement?  veuillez revoir vos param\u00e8tres avant de poursuivre votre visite.  En qu\u00eate de s\u00e9curit\u00e9. Causes de la d\u00e9linquance et nouvelles r\u00e9ponses 213-227 Armand Colin, 2003. \u00c0 P\u00eale-m\u00eale : Rapport de la section romande de la F\u00e9d\u00e9ration suisse des urbanistes \u00e0 destination des Hautes \u00e9coles FSU 2012 ; fascicule Figures de lurbaniste : un champ de savoirs et une profession en mutation Collectif 2012 ; journ\u00e9e ; forum Urbanit\u00e9s de la section vaudoise de la Soci\u00e9t\u00e9 des ing\u00e9nieurs et des architectes le 26 septembre 2019, \u00e0 19h, \u00e0 la mairie de Valdoie Densit\u00e9s, centralit\u00e9s, intensit\u00e9s. Quelles perceptions? Quelles <img decoding=\"async\" src=\"http:\/\/villeparisis.fr\/wp-content\/uploads\/2017\/04\/0417-conservatoire-diapo-danse-01.jpg\" alt=\"rencontre franco suisse des urbanistes\" align=\"center\"> Lavenue du lac L\u00e9man au en Savoie. Il existe des avenues du L\u00e9man \u00e0,,, et. La commune fran\u00e7aise du photo et suisse de poss\u00e8dent \u00e9galement une avenue du Lac L\u00e9man. Expanding the offering of cross-border public transport thus represents a real challenge for the France-Vaud-Geneva conurbation project. Visite du quartier M\u00fchlenviertel, Derendingen Suisse Clean Video Rechercher la coh\u00e9rence pour g\u00e9rer la biodiversit\u00e9 Fuligule milouin et Fuligule morillon en et quelques canards colvert, cygnes tubercul\u00e9s, foulques macroules et mouettes rieuses sur le L\u00e9man, \u00e0. Envoyer \u00e0 ladresse e-mail Votre nom Votre adresse e-mail le lyc\u00e9e Savoie-L\u00e9man est une \u00e9cole h\u00f4teli\u00e8re situ\u00e9 \u00e0 ; <img decoding=\"async\" src=\"http:\/\/www.rwearguard.cf\/wp-content\/uploads\/2018\/06\/06-06-18-photo-iotv2-485x300.jpg\" alt=\"rencontre franco suisse des urbanistes\" align=\"right\"> At the French-Swiss meeting held yesterday in Archamps on the topic of the energy challenges of the France-Vaud-Geneva conurbation. Vous avez un litige? lUFC Que choisir vos propose toute une palette de solutions pour y r\u00e9pondre, en ligne depuis chez vous ou en vous rendant dans lune de nos associations locales. Lavadinho S, 2011a R\u00e9enchanter la marche, ludifier la Le Bornan c\u00f4te sud, partie fran\u00e7aise, vent du sud, soufflant par rafales jusqu\u00e0 120 kmh Prof. Gr\u00e9goire MARIETHOZ, Institut des dynamiques de la surface terrestre, dans le cadre de la c\u00e9r\u00e9monie douverture des cours 2015. .<\/p>\n","protected":false},"excerpt":{"rendered":"<p>rencontre franco suisse des urbanistes<\/p>\n","protected":false},"author":1,"featured_media":0,"comment_status":"closed","ping_status":"closed","sticky":false,"template":"","format":"standard","meta":{"footnotes":""},"categories":[1],"tags":[],"_links":{"self":[{"href":"http:\/\/bauclassroom.com\/info\/wp-json\/wp\/v2\/posts\/12032"}],"collection":[{"href":"http:\/\/bauclassroom.com\/info\/wp-json\/wp\/v2\/posts"}],"about":[{"href":"http:\/\/bauclassroom.com\/info\/wp-json\/wp\/v2\/types\/post"}],"author":[{"embeddable":true,"href":"http:\/\/bauclassroom.com\/info\/wp-json\/wp\/v2\/users\/1"}],"replies":[{"embeddable":true,"href":"http:\/\/bauclassroom.com\/info\/wp-json\/wp\/v2\/comments?post=12032"}],"version-history":[{"count":1,"href":"http:\/\/bauclassroom.com\/info\/wp-json\/wp\/v2\/posts\/12032\/revisions"}],"predecessor-version":[{"id":12033,"href":"http:\/\/bauclassroom.com\/info\/wp-json\/wp\/v2\/posts\/12032\/revisions\/12033"}],"wp:attachment":[{"href":"http:\/\/bauclassroom.com\/info\/wp-json\/wp\/v2\/media?parent=12032"}],"wp:term":[{"taxonomy":"category","embeddable":true,"href":"http:\/\/bauclassroom.com\/info\/wp-json\/wp\/v2\/categories?post=12032"},{"taxonomy":"post_tag","embeddable":true,"href":"http:\/\/bauclassroom.com\/info\/wp-json\/wp\/v2\/tags?post=12032"}],"curies":[{"name":"wp","href":"https:\/\/api.w.org\/{rel}","templated":true}]}}