{"id":12046,"date":"2020-10-18T10:21:05","date_gmt":"2020-10-18T10:21:05","guid":{"rendered":"http:\/\/bauclassroom.com\/info\/?p=12046"},"modified":"2020-10-06T16:55:10","modified_gmt":"2020-10-06T16:55:10","slug":"rencontres-coree-du-sud","status":"publish","type":"post","link":"http:\/\/bauclassroom.com\/info\/2020\/10\/18\/rencontres-coree-du-sud\/","title":{"rendered":"Rencontres Cor\u00e9e Du Sud"},"content":{"rendered":"<p> Retour sur un crime de guerre nazi commis lors de la Seconde Guerre mondiale au hameau du Paradis, dans le Pas-de-Calais, contre des soldats britanniques. Comme beaucoup de monde je pense, cest gr\u00e2ce \u00e0 la musique et aux films cor\u00e9ens que jai d\u00e9couvert la Cor\u00e9e du Sud il y a 15 ans. A ce moment javais la parabole rires et je regardais des cha\u00eenes comme Arirang TV. A l\u00e9poque Arirang TV diffusait du Big Bang, BOA et bien dautres. Je suis tomb\u00e9 sur le clip Because Im a girl du groupe KISS. Le clip et lhistoire de la chanson mont beaucoup touch\u00e9s et cest comme \u00e7a que je suis tomb\u00e9 amoureux de la Cor\u00e9e. Jai commenc\u00e9 \u00e0 chercher sur internet des musiques, des films et \u00e0 me renseigner sur cet endroit qui est devenu mon pays daccueil. Jappr\u00e9cie \u00e9galement la sonorit\u00e9 de la langue, je la trouve douce. Jai commenc\u00e9 \u00e0 apprendre le cor\u00e9en avec des cours du soir au centre culturel de Paris lorsque jai d\u00e9but\u00e9 mon premier travail.  Cette semaine, le P\u00e8re No\u00ebl des b\u00eates d\u00e9barque en ville. Les f\u00eates signent leur grand retour avec leurs illuminations, leurs d\u00e9corations ainsi quune temp\u00eate de neige inopin\u00e9e. Malgr\u00e9 les intemp\u00e9ries.. R\u00e9\u00e9couter Le grand bal diplomatique continue pour pr\u00e9parer lhypoth\u00e9tique sommet entre Donald Trump et le dirigeant nord-cor\u00e9en Kim Jong-un sur la d\u00e9nucl\u00e9arisation de la p\u00e9ninsule cor\u00e9enne \u00e9couter 11 min 11 min Le 13, \u00e0 S\u00e9oul, les Premiers ministres de Cor\u00e9e du Sud et de Cor\u00e9e du Nord signent un pacte de r\u00e9conciliation qui pr\u00e9voit des n\u00e9gociations en vue de la signature dun trait\u00e9 de paix pour mettre fin \u00e0 quarante-six ans de division de la p\u00e9ninsule cor\u00e9enne d\u00e9chir\u00e9e par la guerre entre 1950 et 1953. Il intervient au moment o\u00f9 lisolement du r\u00e9gime communiste nord-cor\u00e9en est \u00e0 son comble, du fait d 10-17 novembre 1991 Dans les immenses plaines africaines du Serengeti, un million de gnous marquent une rare pause au milieu de leur odyss\u00e9e circulaire et presque continue, de la Tanzanie au Kenya. Les m\u00e8res mettent alors.. Pour le contenu individuel et les infographies respectant votre design dentreprise, <img decoding=\"async\" src=\"http:\/\/www.lepoint.fr\/images\/2017\/08\/05\/9664201lpw-9664258-article-kim-jongun-leader-nordcoreen-jpg_4469765_660x281.jpg\" alt=\"rencontres cor\u00e9e du sud\" align=\"center\"> 30.12.2018 Kim Jong Un promet plus de rencontres avec la Cor\u00e9e du Sud en 2019 <img decoding=\"async\" src=\"http:\/\/www.menara.ma\/sites\/default\/files\/public\/styles\/detail_505_295\/public\/2015\/08\/07\/cca16890.jpg\" alt=\"rencontres cor\u00e9e du sud\" align=\"left\"> Cor\u00e9e: une rencontre historique entre le Nord et le Sud La Fifa na jamais d\u00e9menti les rencontres entre M. Infantino et Lauber, expliquant quelles \u00e9taient destin\u00e9es \u00e0 montrer que la f\u00e9d\u00e9ration, qui a le statut de plaignante dans certaines proc\u00e9dures, \u00e9tait pr\u00eate \u00e0 collaborer avec la justice suisse. Reporting r\u00e9gulier de lavancement des \u00e9tudes et des probl\u00e8mes rencontr\u00e9s \u00c0 la demande de lambassade de France, le CGET a missionn\u00e9 au Vietnam lun de ses experts, Luc Faraldi, du 21 au 25 mai dernier, pour participer \u00e0 des \u00e9changes avec les services du minist\u00e8re du Plan et de lInvestissement vietnamien. Ils ont concern\u00e9 les \u00e9volutions de lorganisation territoriale des deux pays et leurs liens avec lam\u00e9nagement et la coh\u00e9sion des territoires. <img decoding=\"async\" src=\"http:\/\/www.leparisien.fr\/images\/2018\/04\/27\/54807fd6-4a32-11e8-bf4f-8126fb2ef121_1.jpg\" alt=\"rencontres cor\u00e9e du sud\" align=\"center\"> La d\u00e9l\u00e9gation va discuter des conditions pour un dialogue am\u00e9ricano-nord-cor\u00e9en sur la d\u00e9nucl\u00e9arisation de la p\u00e9ninsule cor\u00e9enne et lam\u00e9lioration des relations inter-cor\u00e9ennes. Apr\u00e8s leur retour le 6 mars et leur rapport, les \u00e9missaires vont se rendre aux Etats-Unis pour rendre compte de leur visite en Cor\u00e9e du Nord. Derni\u00e8re modification par Raphael ; 150120 \u00e0 16:27. Le magazine trace la chronique de la vie \u00e0 Hollywood, des grands studios aux ind\u00e9pendants, des stars aux \u00e9toiles montantes. Entre \u00e9v\u00e9nements, indiscr\u00e9tions et exclusivit\u00e9s, le journaliste Didier Allouch..  D\u00e9but mars, les deux Cor\u00e9e conviennent dun sommet entre Kim Jongun et le pr\u00e9sident sud-cor\u00e9en. Tous droits de reproduction et de diffusion r\u00e9serv\u00e9s 2020 ARTE G.E.I.E.-ARTE G.E.I.E. 4, quai du chanoine Winterer CS 20035F-67080 Strasbourg Cedex Le journaliste Hyunsu Yim du m\u00e9dia The Korean Herald a relay\u00e9 sur son compte Twitter cette inqui\u00e9tante vague dhomophobie, quil a compar\u00e9e \u00e0 la stigmatisation des gays lors de l\u00e9pid\u00e9mie du VIH.<\/p>\n","protected":false},"excerpt":{"rendered":"<p>rencontres cor\u00e9e du sud<\/p>\n","protected":false},"author":1,"featured_media":0,"comment_status":"closed","ping_status":"closed","sticky":false,"template":"","format":"standard","meta":{"footnotes":""},"categories":[1],"tags":[],"_links":{"self":[{"href":"http:\/\/bauclassroom.com\/info\/wp-json\/wp\/v2\/posts\/12046"}],"collection":[{"href":"http:\/\/bauclassroom.com\/info\/wp-json\/wp\/v2\/posts"}],"about":[{"href":"http:\/\/bauclassroom.com\/info\/wp-json\/wp\/v2\/types\/post"}],"author":[{"embeddable":true,"href":"http:\/\/bauclassroom.com\/info\/wp-json\/wp\/v2\/users\/1"}],"replies":[{"embeddable":true,"href":"http:\/\/bauclassroom.com\/info\/wp-json\/wp\/v2\/comments?post=12046"}],"version-history":[{"count":1,"href":"http:\/\/bauclassroom.com\/info\/wp-json\/wp\/v2\/posts\/12046\/revisions"}],"predecessor-version":[{"id":12047,"href":"http:\/\/bauclassroom.com\/info\/wp-json\/wp\/v2\/posts\/12046\/revisions\/12047"}],"wp:attachment":[{"href":"http:\/\/bauclassroom.com\/info\/wp-json\/wp\/v2\/media?parent=12046"}],"wp:term":[{"taxonomy":"category","embeddable":true,"href":"http:\/\/bauclassroom.com\/info\/wp-json\/wp\/v2\/categories?post=12046"},{"taxonomy":"post_tag","embeddable":true,"href":"http:\/\/bauclassroom.com\/info\/wp-json\/wp\/v2\/tags?post=12046"}],"curies":[{"name":"wp","href":"https:\/\/api.w.org\/{rel}","templated":true}]}}