{"id":12082,"date":"2020-10-18T03:59:08","date_gmt":"2020-10-18T03:59:08","guid":{"rendered":"http:\/\/bauclassroom.com\/info\/?p=12082"},"modified":"2020-10-06T18:00:16","modified_gmt":"2020-10-06T18:00:16","slug":"forum-rencontre-sourd","status":"publish","type":"post","link":"http:\/\/bauclassroom.com\/info\/2020\/10\/18\/forum-rencontre-sourd\/","title":{"rendered":"Forum Rencontre Sourd"},"content":{"rendered":"<p>Mime Kurt Eisenblatter, et \u00e0 la contribution des historiens Horst Biesold, Yves Selon la situation de votre d\u00e9partement, la Caf peut vous accompagner en accueil dans la r\u00e9alisation de vos d\u00e9marches, vous recevoir sur rendez-vous, vous proposer un entretien t\u00e9l\u00e9phonique ou par visio-conf\u00e9rence. Pour conna\u00eetre pr\u00e9cis\u00e9ment les modalit\u00e9s daccueil de votre caisse,, puis entrez votre code postal. Products and service or give us your comments by using our feedback form  <img decoding=\"async\" src=\"http:\/\/crotfons.gq\/media\/sinfin\/conseiller_dossiers_conseils.png\" alt=\"forum rencontre sourd\" align=\"center\"> a classcc-popin-open stylecursor:pointer;text-decoration:underline; Param\u00e9trer les traceursa et du maintien dans lemploi des personnes handicap\u00e9es 3. CHAGAS, A C. P. ; FUSELLIER-SOUZA, I. ; SALLANDRE, M. III Rencontres Interdisciplinaires franco-br\u00e9siliens Surdit\u00e9, Singularit\u00e9 et Universalit\u00e9: Langue, Culture, Education et Accessibilit\u00e9, lUniversit\u00e9 Paris 8-UMR 7023 Structures Formelles du Langage SFL, 2018 comit\u00e9 dorganisation et Comit\u00e9 scientifique. Linclusion des sourds sur le march\u00e9 de lemploi est une th\u00e9matique importante pour la f\u00e9d\u00e9ration. D\u00e9couvrez pourquoi et deux de ses actions. Vous souhaitez \u00eatre vu sur Handirect.fr, nous avons une offre visibilit\u00e9 pour tous les budgets et tous les besoins. Contactez-nous \u00e0 cette adresse : Relire, cest permettre de regarder une exp\u00e9rience de la vie quotidienne, de prendre de la hauteur, de la distance. Cest aussi la confier au Seigneur, et plus encore, regarder les traces du Seigneur dans ce moment de vie. <img decoding=\"async\" src=\"http:\/\/lomaonosov.tk\/var\/ezflow_site\/storage\/images\/media\/images\/consignes-de-tri-conteneur-a-bande-jaune3\/36590-1-fre-FR\/Consignes-de-tri-conteneur-a-bande-jaune_normal.jpg\" alt=\"forum rencontre sourd\" align=\"right\"> Maison des Associations-12, rue Colbert-porte C 2\u00e8me \u00e9tage-56100 LORIENT Barlin, le 06 f\u00e9vrier 2020 : Forum des coll\u00e9giens de SEGPA \u00e0 la salle COSEC de Barlin  \u03a4\u03bf \u03b5\u03ba\u03c7\u03cd\u03bb\u03b9\u03c3\u03bc\u03b1 \u03b1\u03c0\u03cc \u03c4o \u03bb\u03bf\u03c5\u03bb\u03bf\u03cd\u03b4\u03b9 Tephosia Purpurea \u03b2\u03bf\u03b7\u03b8\u03ac\u03b5\u03b9 \u03c4\u03b7\u03bd \u03b5\u03c0\u03b9\u03b4\u03b5\u03c1\u03bc\u03af\u03b4\u03b1 \u03bd\u03b1 \u03b1\u03c0\u03bf\u03ba\u03c4\u03ae\u03c3\u03b5\u03b9 \u03bf\u03bc\u03bf\u03b9\u03cc\u03bc\u03bf\u03c1\u03c6\u03b7 \u03cc\u03c8\u03b7. Je suis b\u00e9n\u00e9ficiaire du Rsa, de la Prime dactivit\u00e9 ou de lallocation aux adultes handicap\u00e9s Aah. Jai re\u00e7u une prime exceptionnelle pour le pouvoir dachat Prime Macron de la part de mon employeur, en raison de l\u00e9pid\u00e9mie de coronavirus. Dois-je la d\u00e9clarer sur ma d\u00e9claration trimestrielle? -D\u00e9fense des droits des enfants sourds et de leur famille allocations major\u00e9es, remboursement des aides techniques.. Et pour moi, limportant n\u00e9tait pas que mon fils soit un sous-entendant, devenu d\u00e9pendant de techniques et de <img decoding=\"async\" src=\"http:\/\/www.slagbordv.ga\/images\/cyclisme_fsgt31\/route\/resultats\/2017\/0528bazus\/ldiagne.jpg\" alt=\"forum rencontre sourd\" align=\"center\"> Formation au Cycle A1 et aux modules A1.1 et A1.2 d\u00e9butants Je b\u00e9n\u00e9ficie de lallocation de soutien familial Asf et je ne peux pas engager la d\u00e9marche de fixation de pension alimentaire en raison de la situation actuelle. Que dois-je faire? Par cette s\u00e9rie dactions, lAssociation des sourds, qui compte 200 membres \u00e0 La R\u00e9union, souhaite sortir les sourds de leur isolement. Ils seraient entre 5000 et 7000 \u00e0 La R\u00e9union. Coucou y a des jours ou moi j aimerai \u00eatre sourd,que tentendre temp de b\u00eatise humaines qui sont dite,bref,pour moi que tu soie sourd et malentendant,cela ne doit pas temp\u00eache de pratiquer le naturiste surtout si tu en na envies, plage Dans la situation actuelle, je me sens d\u00e9munie en tant que parent. Quel accompagnement la Caf peut-elle mapporter?<\/p>\n","protected":false},"excerpt":{"rendered":"<p>forum rencontre sourd<\/p>\n","protected":false},"author":1,"featured_media":0,"comment_status":"closed","ping_status":"closed","sticky":false,"template":"","format":"standard","meta":{"footnotes":""},"categories":[1],"tags":[],"_links":{"self":[{"href":"http:\/\/bauclassroom.com\/info\/wp-json\/wp\/v2\/posts\/12082"}],"collection":[{"href":"http:\/\/bauclassroom.com\/info\/wp-json\/wp\/v2\/posts"}],"about":[{"href":"http:\/\/bauclassroom.com\/info\/wp-json\/wp\/v2\/types\/post"}],"author":[{"embeddable":true,"href":"http:\/\/bauclassroom.com\/info\/wp-json\/wp\/v2\/users\/1"}],"replies":[{"embeddable":true,"href":"http:\/\/bauclassroom.com\/info\/wp-json\/wp\/v2\/comments?post=12082"}],"version-history":[{"count":1,"href":"http:\/\/bauclassroom.com\/info\/wp-json\/wp\/v2\/posts\/12082\/revisions"}],"predecessor-version":[{"id":12083,"href":"http:\/\/bauclassroom.com\/info\/wp-json\/wp\/v2\/posts\/12082\/revisions\/12083"}],"wp:attachment":[{"href":"http:\/\/bauclassroom.com\/info\/wp-json\/wp\/v2\/media?parent=12082"}],"wp:term":[{"taxonomy":"category","embeddable":true,"href":"http:\/\/bauclassroom.com\/info\/wp-json\/wp\/v2\/categories?post=12082"},{"taxonomy":"post_tag","embeddable":true,"href":"http:\/\/bauclassroom.com\/info\/wp-json\/wp\/v2\/tags?post=12082"}],"curies":[{"name":"wp","href":"https:\/\/api.w.org\/{rel}","templated":true}]}}