{"id":12088,"date":"2020-10-18T07:23:31","date_gmt":"2020-10-18T07:23:31","guid":{"rendered":"http:\/\/bauclassroom.com\/info\/?p=12088"},"modified":"2020-10-06T18:10:55","modified_gmt":"2020-10-06T18:10:55","slug":"rencontres-transmusicales","status":"publish","type":"post","link":"http:\/\/bauclassroom.com\/info\/2020\/10\/18\/rencontres-transmusicales\/","title":{"rendered":"Rencontres Transmusicales"},"content":{"rendered":"<p><img decoding=\"async\" src=\"http:\/\/www.memoires-de-trans.com\/fileadmin\/memoires_trans2\/2014\/Raury\/jpg\/Raury_Renan_Peron_-2.jpg\" alt=\"rencontres transmusicales\" align=\"left\"> Christophe : Je suis Cricri Malo rigole le guitariste de Chouette. Ben Shemie-Tau-Art Melody-Shht-Los Bitchos-Shortparis-Go Go Machine Orchestra-Megative-Edgar-Sun-Acid Arab-Wunderbar-Mush-Yin Yin-San Salvador 8 Sortir! 17 membre ADMIT 20 tarif r\u00e9duit 23 tarif plein <img decoding=\"async\" src=\"http:\/\/musique.jeuxactu.com\/images\/site\/default-VNC.jpg\" alt=\"rencontres transmusicales\" align=\"center\">  Laction est symbolique et in\u00e9dite. Se sentant trahis par les r\u00e9cents propos de leur ministre de tutelle Christophe Castaner, une cinquantaine de policiers ont jet\u00e9, jeudi 11 juin au soir, leurs men Hall 4 : France, Irak-Canada-Duba\u00ef, France, France, Danemark, Portugal, Malawi-France-Su\u00e8de, Feat. Argentine <img decoding=\"async\" src=\"http:\/\/www.albumrock.net\/graph\/dossiers\/dossier109.jpg\" alt=\"rencontres transmusicales\" align=\"center\">  ARROW Montserrat, ROYAUME UNI : Hot hot hot Chaud chaud chaud envoi par voie postale des 5 CD compilations des 2018 TRANS2017-D\u00e9couvrez les 15 premiers noms en 1 playlist!&#8212;&#8212;&#8212;&#8212;&#8212;&#8212;&#8212;&#8212;&#8212;&#8212;&#8212;&#8212;&#8212;&#8212;&#8212;&#8212;&#8212;&#8212;&#8212;&#8212;&#8212; vs en invit\u00e9 surprise- 1979. Six b\u00e9n\u00e9voles cr\u00e9ent deux soirs de concerts pour exposer la tr\u00e8s vivace sc\u00e8ne rock locale : ce sont les premi\u00e8res Rencontres Trans Musicales de Rennes.  Jai une phrase pour d\u00e9finir ce concert : Je nai pas vu le MC5 en 68 \u00e0 Ann Arbor mais jai vu The Prodigy aux Trans Musicales. Il y avait une \u00e9nergie qui \u00e9tait absolument extraordinaire. La vache. Vous voulez en prendre plein les yeux? \u00c7a commence par ici. Les Trans Musicales \u00e0 Rennes, la F\u00eate des Lumi\u00e8res \u00e0 Lyon.. Tour dhorizon des meilleurs plans du week-end du 7 au 9 d\u00e9cembre \u00e0 Paris et en province! Danielle Darrieux, n\u00e9e le 1er mai 1917 est une actrice.. Camion Blanc: Anthologie du rock fran\u00e7ais De 1956 \u00e0 2017-Dominique Grandfils-Google Books Cette premi\u00e8re annonce t\u00e9moigne \u00e0 nouveau du caract\u00e8re singulier de lADN artistique des Trans, en introduction \u00e0 lensemble de la programmation d\u00e9voil\u00e9e jeudi 20 septembre. Rennes a \u00e9t\u00e9 class\u00e9e premi\u00e8re en 2018 au palmar\u00e8s des villes de France o\u00f9 il fait bon vivre selon le magazine LExpress.<\/p>\n","protected":false},"excerpt":{"rendered":"<p>rencontres transmusicales<\/p>\n","protected":false},"author":1,"featured_media":0,"comment_status":"closed","ping_status":"closed","sticky":false,"template":"","format":"standard","meta":{"footnotes":""},"categories":[1],"tags":[],"_links":{"self":[{"href":"http:\/\/bauclassroom.com\/info\/wp-json\/wp\/v2\/posts\/12088"}],"collection":[{"href":"http:\/\/bauclassroom.com\/info\/wp-json\/wp\/v2\/posts"}],"about":[{"href":"http:\/\/bauclassroom.com\/info\/wp-json\/wp\/v2\/types\/post"}],"author":[{"embeddable":true,"href":"http:\/\/bauclassroom.com\/info\/wp-json\/wp\/v2\/users\/1"}],"replies":[{"embeddable":true,"href":"http:\/\/bauclassroom.com\/info\/wp-json\/wp\/v2\/comments?post=12088"}],"version-history":[{"count":1,"href":"http:\/\/bauclassroom.com\/info\/wp-json\/wp\/v2\/posts\/12088\/revisions"}],"predecessor-version":[{"id":12089,"href":"http:\/\/bauclassroom.com\/info\/wp-json\/wp\/v2\/posts\/12088\/revisions\/12089"}],"wp:attachment":[{"href":"http:\/\/bauclassroom.com\/info\/wp-json\/wp\/v2\/media?parent=12088"}],"wp:term":[{"taxonomy":"category","embeddable":true,"href":"http:\/\/bauclassroom.com\/info\/wp-json\/wp\/v2\/categories?post=12088"},{"taxonomy":"post_tag","embeddable":true,"href":"http:\/\/bauclassroom.com\/info\/wp-json\/wp\/v2\/tags?post=12088"}],"curies":[{"name":"wp","href":"https:\/\/api.w.org\/{rel}","templated":true}]}}