{"id":12116,"date":"2020-10-18T10:09:40","date_gmt":"2020-10-18T10:09:40","guid":{"rendered":"http:\/\/bauclassroom.com\/info\/?p=12116"},"modified":"2020-10-06T19:20:08","modified_gmt":"2020-10-06T19:20:08","slug":"le-monde-rencontres-d-arles","status":"publish","type":"post","link":"http:\/\/bauclassroom.com\/info\/2020\/10\/18\/le-monde-rencontres-d-arles\/","title":{"rendered":"Le Monde Rencontres D Arles"},"content":{"rendered":"<p>Pour leur 50 e \u00e9dition, le festival a lanc\u00e9 une plateforme participative permettant \u00e0 tous de d\u00e9poser photographies, vid\u00e9os, enregistrements sonores, documents num\u00e9ris\u00e9s journaux, affiches, lettres et t\u00e9moignages. Cette collecte a pris la forme dun grand album num\u00e9rique qui retrace cinq d\u00e9cennies de festival. 430 contributeurs ont partag\u00e9 \u00e0 ce jour plus de 6 000 documents. Larchitecte fran\u00e7ais Fernand Pouillon 1912 1986 a cherch\u00e9 \u00e0 am\u00e9liorer les conditions de vie des citoyens en. La priorit\u00e9 de Pouillon \u00e9tait dam\u00e9liorer la qualit\u00e9 de vie des r\u00e9sidents et de les aider \u00e0 r\u00e9tablir et \u00e0 maintenir une meilleure relation avec leur environnement. La cin\u00e9aste Daphn\u00e9 Bengoa et le photographe Leo Fabrizio se sont inspir\u00e9s de Pouillon et racontent son histoire \u00e0 travers ce projet fascinant et inspirant.  Sam STOURDZ\u00c9-La p\u00e9riode est juste dingue, inattendue, exceptionnelle. Elle nous oblige \u00e0 tout revoir, tout repenser, tout r\u00e9inventer.Nous avons pu faire la conf\u00e9rence de presse pour annoncer le programme des Rencontres dArles le jeudi 12 mars, depuis la mairie dArles. Je crois que \u00e7a a \u00e9t\u00e9 lune des derni\u00e8res manifestations publiques; celle du lendemain qui traditionnellement se tient, au Minist\u00e8re de la Culture rue de Valois, \u00e0 Paris, a \u00e9t\u00e9 annul\u00e9e Les Rencontres dArles recrutent leur DirecteurDirectrice Cnap Prix du livre : La survivance de Mercure de France Publi\u00e9 le 07 juillet 2016 \u00e0 10h54-Mis \u00e0 jour le 08 juillet 2016 \u00e0 15h34 Grand format Les Rencontres dArles se sont construites sur des ruptures : Sam Stourdz\u00e9 en dresse les grands moments.. Alors \u00e0 quoi assisterons-nous demain? Ce qui est certain, cest la r\u00e9volution actuelle des images et la mani\u00e8re dont les artistes semparent de limage, du visuel qui devient le nouvel esp\u00e9ranto du monde. Publi\u00e9 le 03 juillet 2017 \u00e0 11h32-Mis \u00e0 jour le 05 juillet 2017 \u00e0 08h08 <img decoding=\"async\" src=\"http:\/\/img.over-blog-kiwi.com\/0\/99\/15\/91\/20170914\/ob_b065d4_arles-les-rencontres-de-la-photo-20170.JPG\" alt=\"le monde rencontres d arles\" align=\"right\">  Edouard Philippe continue de faire le service apr\u00e8s-vente de son plan de d\u00e9confinement.  <img decoding=\"async\" src=\"http:\/\/www.sandradaveau.com\/images\/media\/CV\/CV%20SITE%20OK.jpg\" alt=\"le monde rencontres d arles\" align=\"left\"> Jaimerai beaucoup faire ses rencontres dArles un jour. Jaime beaucoup la photo et le noir et blanc en particulier je fais toujours de largentique NB, je d\u00e9veloppe, je tire. Nationale de la photographie, pour l e s Rencontres internationales de la photographie d Arles, j uillet 1995 et 1996 <img decoding=\"async\" src=\"http:\/\/artjuice.net\/wp-content\/uploads\/2018\/08\/Laura-Henno-rencontres-arles.gif\" alt=\"le monde rencontres d arles\" align=\"right\"> This website is using a security service to protect itself from online attacks. The action you just performed triggered the security solution. There are several actions that could trigger this block including submitting a certain word or phrase, a SQL command or malformed data. Retrouvez ici lint\u00e9gralit\u00e9 des projets programm\u00e9s lors de la Nuit de lAnn\u00e9e 2018 CONTRIBUER PARTICIPER MAINTENANT \u00c0 LA M\u00c9MOIRE VIVANTE DU FESTIVAL! Outre les galeries Clergue, il existe de nombreux autres galeries et lieux consacr\u00e9s \u00e0 laffichage de photos. Dans ce cas \u00e9galement, cela affecte la disposition particuli\u00e8re qui rend cette repr\u00e9sentation encore plus int\u00e9ressante et inhabituelle. De lexposition de Mohammed Bourouissa au dernier \u00e9tage du grand magasin Monoprix \u00e0 lexposition de Pixy Liao, un c\u00e9l\u00e8bre photographe chinois expos\u00e9 dans de vieilles salles apparemment en ruines, avec des dimensions tr\u00e8s minimales, ce qui rend lobservation des photos encore plus impressionnante. Les Rencontres dArles fermeront leurs portes le 22 septembre 2019, il est encore temps de la visiter, certaine que vous ne le regretterez pas. Comme sur le champ de bataille dAusterlitz, il vous suffira de dire: jy \u00e9tais! With: Newsha Tavakolian, Ako Salemi, Gohar Dashti, Kiana Hayeri, Shadi Ghadirian, Sina Shiri, Tahmineh..<\/p>\n","protected":false},"excerpt":{"rendered":"<p>le monde rencontres d arles<\/p>\n","protected":false},"author":1,"featured_media":0,"comment_status":"closed","ping_status":"closed","sticky":false,"template":"","format":"standard","meta":{"footnotes":""},"categories":[1],"tags":[],"_links":{"self":[{"href":"http:\/\/bauclassroom.com\/info\/wp-json\/wp\/v2\/posts\/12116"}],"collection":[{"href":"http:\/\/bauclassroom.com\/info\/wp-json\/wp\/v2\/posts"}],"about":[{"href":"http:\/\/bauclassroom.com\/info\/wp-json\/wp\/v2\/types\/post"}],"author":[{"embeddable":true,"href":"http:\/\/bauclassroom.com\/info\/wp-json\/wp\/v2\/users\/1"}],"replies":[{"embeddable":true,"href":"http:\/\/bauclassroom.com\/info\/wp-json\/wp\/v2\/comments?post=12116"}],"version-history":[{"count":1,"href":"http:\/\/bauclassroom.com\/info\/wp-json\/wp\/v2\/posts\/12116\/revisions"}],"predecessor-version":[{"id":12117,"href":"http:\/\/bauclassroom.com\/info\/wp-json\/wp\/v2\/posts\/12116\/revisions\/12117"}],"wp:attachment":[{"href":"http:\/\/bauclassroom.com\/info\/wp-json\/wp\/v2\/media?parent=12116"}],"wp:term":[{"taxonomy":"category","embeddable":true,"href":"http:\/\/bauclassroom.com\/info\/wp-json\/wp\/v2\/categories?post=12116"},{"taxonomy":"post_tag","embeddable":true,"href":"http:\/\/bauclassroom.com\/info\/wp-json\/wp\/v2\/tags?post=12116"}],"curies":[{"name":"wp","href":"https:\/\/api.w.org\/{rel}","templated":true}]}}