{"id":12148,"date":"2020-10-18T07:58:24","date_gmt":"2020-10-18T07:58:24","guid":{"rendered":"http:\/\/bauclassroom.com\/info\/?p=12148"},"modified":"2020-10-06T20:46:28","modified_gmt":"2020-10-06T20:46:28","slug":"rencontres-provinciales","status":"publish","type":"post","link":"http:\/\/bauclassroom.com\/info\/2020\/10\/18\/rencontres-provinciales\/","title":{"rendered":"Rencontres Provinciales"},"content":{"rendered":"<p>En poursuivant votre navigation sur ce site, vous acceptez lutilisation de cookies. Ces cookies sont utilis\u00e9s pour r\u00e9aliser des statistiques de visites. Sur Dionysos, il a notamment \u00e9crit Dionysos mis \u00e0 mort. <img decoding=\"async\" src=\"http:\/\/img.kiosko.net\/2015\/12\/22\/ca\/ca_la_presse.750.jpg\" alt=\"rencontres provinciales\" align=\"right\"> Vous souhaitez rejoindre la team Les Exploratrices! Motif Difficults pour les CPAS de traiter un domaine trs spcialis par exemple linterprtation de la nomenclature de lINAMI. Importante augmentation du nombre de soins mdicaux urgents. La lourdeur de lactuelle procdure de remboursement. 2 Sorry, you have been blocked You are unable to access techadvisor.fr Hors Qu\u00e9bec, le rythme annuel des mises en chantier est tomb\u00e9 \u00e0 132 576 en mai, contre 166 477 en avril. PROVINCIALES 2019 Pr\u00e9sentation de la liste et du programme Nouvelle vision des \u00eeles \u00e0 Penelo MARE POMQUET : Pour la premi\u00e8re fois en trois ans, nous avons eu un carnaval tout blanc \u00e0 Pomquet. La temp\u00e9rature \u00e9tait belle, aucune activit\u00e9 na \u00e9t\u00e9 annul\u00e9e et il y avait de la neige pour la soir\u00e9e de glissade! Cette ann\u00e9e encore, des centaines de personnes ont circul\u00e9 dans le village pour venir aux activit\u00e9s du carnaval entre le 14 et le 23 f\u00e9vrier. Il y en avait pour tous les go\u00fbts, avec des jeux, de la musique, du fricot, entre autres. La distanciation sociale plus obligatoire mais reste la norme dans les transports De Lijn Since they suffer much discrimination, the Friars have.. La S\u00e9paq accueillera des p\u00eacheurs \u00e0 partir de jeudi au Pavillon des Portes-de-lenfer avec la mise en place de mesures sanitaires pour assurer la s\u00e9curit\u00e9 du personnel tout en permettant \u00e0 la client\u00e8le de profiter de lun des plus beaux territoires de truite mouchet\u00e9e au Qu\u00e9bec. Ces r\u00e9seaux r\u00e9gionaux qui aident les provinciaux \u00e0 monter \u00e0 la capitale Les Echos Start Le Mus\u00e9e am\u00e9rindien de Mashteuiatsh, au Lac-Saint-Jean, rouvrira ses portes aux visiteurs \u00e0 compter du dimanche 5 juillet. Les Pekuakamiulnuatsh pourront toutefois d\u00e9couvrir la nouvelle exposition permanente Tshilanu Ilnuatsh-Nous, les Ilnuatsh en primeur, du mardi 30 juin au samedi 4 juillet. Les arts sont parall\u00e8les, ils sinterp\u00e9n\u00e8tent aussi. Il faut quil y ait de la musique. Il faut que dans la litt\u00e9rature il y ait de la musique. Il faut peut-\u00eatre que dans la musique il y ait un peu de litt\u00e9rature. Il faut peut-\u00eatre que dans le cin\u00e9ma aussi jaime beaucoup les adaptations litt\u00e9raires. Jaime ce que fait Orson Welles avec Shakespeare ; je voyais ces derniers jours les adaptations de Tennessee Williams, par exemple, qui est un grand \u00e9crivain, adapt\u00e9 par Joseph Mankiewicz, dans La chatte sur un toit br\u00fblant ou, les deux films ont Elisabeth Taylor comme interpr\u00e8te, mais seul le deuxi\u00e8me a \u00e9t\u00e9 r\u00e9alis\u00e9 par Mankiewicz note pileface. Et le cin\u00e9ma sait rendre compte de la litt\u00e9rature et \u00e7a, \u00e7a m\u00e9tonne aussi. Moi, je me sens oblig\u00e9 de travailler tout ensemble, donc d\u00eatre un peu cin\u00e9phile, et dans lexigence daller vers les gens qui ont une aura-une \u0153uvre, en fait, on va dire \u00e7a comme \u00e7a. Je suis une parvenue au sens propre du terme. Issue dun milieu modeste, culturellement pauvre, jai gravi l\u00e9chelle sociale en ayant acc\u00e8s \u00e0 l\u00e9ducation. La langue fran\u00e7aise ma offert sa richesse, sa beaut\u00e9 ma \u00e9merveill\u00e9e, sa complexit\u00e9 ma permis de me d\u00e9passer. Ma volont\u00e9 de ma\u00eetriser le fran\u00e7ais ma ouvert un univers inesp\u00e9r\u00e9 Le journalisme ma permis lacc\u00e8s aux grands de ce monde que jai c\u00f4toy\u00e9s avec admiration ou d\u00e9ception tout en r\u00e9ussissant \u00e0 garder une distance critique \u00e0 leur \u00e9gard en toutes circonstances. Souvent seule femme dans un mode dhommes, jai refus\u00e9 dinstinct de jouer \u00e0 la victime. Car une victime na dautre avenir que son bourreau. Or personne ne devait freiner ma rage de vivre. Jai atterri en France, le pays de mes anc\u00eatres et de mon c\u0153ur, o\u00f9 je fus accueillie avec affection. Jy ai confort\u00e9 mon identit\u00e9 qu\u00e9b\u00e9coise sans jamais \u00eatre d\u00e9pays\u00e9e. Mon amour passionn\u00e9 des mots fut la cl\u00e9 qui mouvrit les portes sans que je naie \u00e0 insister. La controverse et la pol\u00e9mique mattirent par temp\u00e9rament. Je nai peur que de lindiff\u00e9rence et du silence vide et ass\u00e9chant. Depuis les ann\u00e9es soixante, je suis spectatrice et participante, une contradiction dans les termes dont je maccommode, de tous les \u00e9v\u00e9nements marquants de la politique dans mon pays, en France et ailleurs. Je ne regrette rien, ignorant le ressentiment; quant \u00e0 la faiblesse humaine, elle ne me surprend gu\u00e8re. Je me souviens la devise du Qu\u00e9bec a toujours guid\u00e9 ma vie. Elle inspire cet ouvrage o\u00f9 la m\u00e9moire, la subjectivit\u00e9 et un recul obligatoire guident mon r\u00e9cit. Tenus de sign al e r leurs rencontres a v ec des d\u00e9put\u00e9s? Invitation rencontres provinciales SPP Int\u00e9gration sociale-Generaldirektion Personen mit Behinderung  LUnion europ\u00e9enne peut, de cette mani\u00e8re, orienter son aide en.. Les Gilets jaunes. Cest un mouvement tellurique et les commentaires n\u00e9gatifs nont fait quaccro\u00eetre ce mouvement, la d\u00e9testation des m\u00e9dias et une d\u00e9testation ostensible. Il faut accepter d\u00eatre face \u00e0 quelque chose de compl\u00e8tement nouveau. Dans les manifestations des Gilets jaunes, on a une composante sociale tr\u00e8s impressionnante dun peuple laborieux, provincial et qui, souvent, navait jamais manifest\u00e9. FRANCOPRESSE La F\u00e9d\u00e9ration des communaut\u00e9s francophones et acadienne du Canada FCFA tiendra le samedi 13 juin sa 45e assembl\u00e9e g\u00e9n\u00e9rale annuelle AGA. Les 18 organismes membres voteront pour \u00e9lire une nouvelle vice-pr\u00e9sidence, le Franco-Manitobain Justin Johnson ayant choisi de ne pas solliciter un deuxi\u00e8me mandat, ainsi que pour combler les postes \u00e0 la tr\u00e9sorerie et \u00e0 la repr\u00e9sentation des organismes nationaux au Bureau de direction.  <img decoding=\"async\" src=\"http:\/\/slideplayer.fr\/slide\/3145536\/11\/images\/1\/Rapport+Social+%C3%89lectronique.jpg\" alt=\"rencontres provinciales\" align=\"right\"> <img decoding=\"async\" src=\"http:\/\/www.hainautterremusicale.com\/cache\/fichs_declinaison\/10030_4.jpg\" alt=\"rencontres provinciales\" align=\"center\"> sengage. En 1973 et 1981, il traverse le Pacifique en voilier pour lutter contre les essais nucl\u00e9aires de Mururoa. Ministre de lEnvironnement de 1988 \u00e0 1992, il fonde en 1990 G\u00e9n\u00e9ration \u00c9cologie, dont il quitte la pr\u00e9sidence en 2002 pour se consacrer \u00e0 des projets de d\u00e9veloppement en Afrique. Il est actuellement Pr\u00e9sident de lAcad\u00e9mie de lEau, et Pr\u00e9sident de lassociation \u00c9quilibre des \u00c9nergies. \u00c0 noter que les gels sont produits par le groupe dans ses usines. LOr\u00e9al a fait mener une enqu\u00eate aupr\u00e8s des consommateurs en France: on y apprend que 59 des personnes interrog\u00e9es comptent se rendre chez leur coiffeur dans la semaine qui suit le d\u00e9confinement. Et 37 dans les trois jours qui suivront la r\u00e9ouverture des salons.  Cela veut-il dire que tous les lobbyistes seraient.. En particulier, il a trait\u00e9 du concept de Holding de Winnicott Contr\u00f4le anti-spam-veuillez saisir les caract\u00e8res de limage ci-dessous :.<\/p>\n","protected":false},"excerpt":{"rendered":"<p>rencontres provinciales<\/p>\n","protected":false},"author":1,"featured_media":0,"comment_status":"closed","ping_status":"closed","sticky":false,"template":"","format":"standard","meta":{"footnotes":""},"categories":[1],"tags":[],"_links":{"self":[{"href":"http:\/\/bauclassroom.com\/info\/wp-json\/wp\/v2\/posts\/12148"}],"collection":[{"href":"http:\/\/bauclassroom.com\/info\/wp-json\/wp\/v2\/posts"}],"about":[{"href":"http:\/\/bauclassroom.com\/info\/wp-json\/wp\/v2\/types\/post"}],"author":[{"embeddable":true,"href":"http:\/\/bauclassroom.com\/info\/wp-json\/wp\/v2\/users\/1"}],"replies":[{"embeddable":true,"href":"http:\/\/bauclassroom.com\/info\/wp-json\/wp\/v2\/comments?post=12148"}],"version-history":[{"count":1,"href":"http:\/\/bauclassroom.com\/info\/wp-json\/wp\/v2\/posts\/12148\/revisions"}],"predecessor-version":[{"id":12149,"href":"http:\/\/bauclassroom.com\/info\/wp-json\/wp\/v2\/posts\/12148\/revisions\/12149"}],"wp:attachment":[{"href":"http:\/\/bauclassroom.com\/info\/wp-json\/wp\/v2\/media?parent=12148"}],"wp:term":[{"taxonomy":"category","embeddable":true,"href":"http:\/\/bauclassroom.com\/info\/wp-json\/wp\/v2\/categories?post=12148"},{"taxonomy":"post_tag","embeddable":true,"href":"http:\/\/bauclassroom.com\/info\/wp-json\/wp\/v2\/tags?post=12148"}],"curies":[{"name":"wp","href":"https:\/\/api.w.org\/{rel}","templated":true}]}}