{"id":12154,"date":"2020-10-18T08:59:00","date_gmt":"2020-10-18T08:59:00","guid":{"rendered":"http:\/\/bauclassroom.com\/info\/?p=12154"},"modified":"2020-10-06T20:58:12","modified_gmt":"2020-10-06T20:58:12","slug":"date-rencontre-nord","status":"publish","type":"post","link":"http:\/\/bauclassroom.com\/info\/2020\/10\/18\/date-rencontre-nord\/","title":{"rendered":"Date Rencontre Nord"},"content":{"rendered":"<p><img decoding=\"async\" src=\"http:\/\/ccis-oriental.ma\/uploads\/topics\/15337375905195.PNG\" alt=\"date rencontre nord\" align=\"right\">.. Qui je pour\u00e9 avoir un bon avenir je sui tres gentille et tres souriant impeu timide ce qui et mon petit defaut avr\u00e9dire si mon profile vous int\u00e9r\u00e9sse ven\u00e9 parler j Ce f\u00fbt aussi loccasion de faire le point sur nos nombreuses interventions aupr\u00e8s des jeunes filles tout au long de lann\u00e9e scolaire 20172018 et de revenir sur linvitation de notre CA le 26 mars \u00e0 lElys\u00e9e dans le cadre de la semaine de lindustrie. Nous avons poursuivi la soir\u00e9e autour dun cocktail: plaisir de se retrouver et daccueillir de nouvelles femmes pour de beaux \u00e9changes. LAgirc et lArrco r\u00e9pondent \u00e0 toutes vos questions sur le passage \u00e0 la phase 3 de la DSN Les donn\u00e9es statistiques non personnelles exemple : nombre de visiteurs uniques, nombre de pages vues en moyenne par Utilisateur sont analys\u00e9es <img decoding=\"async\" src=\"http:\/\/freedrugcard.us\/images\/coupons\/renagel-coupon.png\" alt=\"date rencontre nord\" align=\"left\"> fran\u00e7aises et internationales concernant la propri\u00e9t\u00e9 intellectuelle et le copyright. La FFPJP est passible dune sanction disciplinaire. <img decoding=\"async\" src=\"http:\/\/p.calameoassets.com\/170225120415-ec7575afdfeff2505586f6dadc7f346c\/p1.jpg\" alt=\"date rencontre nord\" align=\"right\"> La ville de Werne a r\u00e9alis\u00e9 un montage sur lop\u00e9ration arc-en-ciel quelle vient de mettre sur YouTube. Voici le lien : https:m.youtube.comwatch?vZRe7nokFK58 Cliquer sur lire la suite pour activer le lien! bonjour je cherche une jfemme ou femme docile soumise.. Certains d\u00e9partements, en application de larticle R441-2-5 du code de la construction et de lhabitation ont opt\u00e9 pour un syst\u00e8me local denregistrement de la demande de logement social, distinct du pr\u00e9sent syst\u00e8me national. Suite \u00e0 vos retours au sondage envoy\u00e9, tous les cours collectifs reprennent la semaine du 8 juin 2020, pour une ou plusieurs s\u00e9ances, except\u00e9s les cours suivants :-Pilates.. Vous avez \u00e9galement la possibilit\u00e9 g\u00e9rer votre inscription aux diff\u00e9rentes newsletters et de compl\u00e9ter votre profil afin que nous puissions vous apporter plus de services en ad\u00e9quation avec vos besoins. Vous pouvez ignorer ces \u00e9tapes et y revenir plus tard dans votre espace personnel.  Par ailleurs, par le biais de ce mat\u00e9riau, nul par ailleurs lhomme n\u00e9olithique ne se sera autant repr\u00e9sent\u00e9 lui-m\u00eame. Il sagit dun cas unique qui fait des statuesmenhirs, ces figures immobiles et muettes en apparence, les t\u00e9moins \u00e0 la fois de la vie quotidienne et de la pens\u00e9e symbolique des populations m\u00e9ridionales de Pr\u00e9histoire r\u00e9cente. Parall\u00e8lement, les \u00e9tudes portant sur larchitecture m\u00e9galithique connaissent actuellement un important renouvellement avec des m\u00e9thodologies et des outils de recherches innovants qui conduisent \u00e0 de nouveaux questionnements, notamment sur le pourquoi de leur existence. Il sagira donc de regarder, au-del\u00e0 des traditionnelles et l\u00e9gitimes questions de chronologie ou de pratiques fun\u00e9raires, le projet architectural m\u00e9galithique en le consid\u00e9rant \u00e0 la fois comme un syst\u00e8me technique \u00e0 part enti\u00e8re et une production symbolique. Autrement dit, il sagira de d\u00e9finir comment les techniques dacquisition de transformation et dutilisation du mat\u00e9riau m\u00e9galithique ont \u00e9t\u00e9 mises \u00e0 contribution pour produire du sens. Comme act\u00e9 en assembl\u00e9e g\u00e9n\u00e9rale de lassociation lors des IIIe Rencontres Nord-Sud de Lyon, les Rencontres M\u00e9ridionales de Pr\u00e9histoire R\u00e9cente se d\u00e9clineront dor\u00e9navant en deux sessions en alternance, un colloque \u00e0 th\u00e8me et une journ\u00e9e dactualit\u00e9. La premi\u00e8re journ\u00e9e dactualit\u00e9 se d\u00e9roulera \u00e0 Marseille le 8 novembre 2019 et le prochain colloque \u00e0 th\u00e8me \u00e0 Rodez en 2020. La CGT 2018 Tous droits r\u00e9serv\u00e9s-La CGT 2018 Tous droits r\u00e9serv\u00e9s   Pour cette \u00e9dition, la France et lAllemagne \u00e9taient pr\u00e9sentes avec les orateurs Christian Robichaud et Wolfgang M\u00fcller. Deux formations \u00e0 distance de jeunes dirigeants, 24 formations virtuelles de jeunes ambassadeurs sport et culture, 1 formation de jeunes reporters : lUNSS Seine-et-Marne se sp\u00e9cialise dans les formations virtuelles de Jeunes officiels. Echanges Rencontres sur la r\u00e9gion Bretagne Nord Finist\u00e8re-29.<\/p>\n","protected":false},"excerpt":{"rendered":"<p>date rencontre nord<\/p>\n","protected":false},"author":1,"featured_media":0,"comment_status":"closed","ping_status":"closed","sticky":false,"template":"","format":"standard","meta":{"footnotes":""},"categories":[1],"tags":[],"_links":{"self":[{"href":"http:\/\/bauclassroom.com\/info\/wp-json\/wp\/v2\/posts\/12154"}],"collection":[{"href":"http:\/\/bauclassroom.com\/info\/wp-json\/wp\/v2\/posts"}],"about":[{"href":"http:\/\/bauclassroom.com\/info\/wp-json\/wp\/v2\/types\/post"}],"author":[{"embeddable":true,"href":"http:\/\/bauclassroom.com\/info\/wp-json\/wp\/v2\/users\/1"}],"replies":[{"embeddable":true,"href":"http:\/\/bauclassroom.com\/info\/wp-json\/wp\/v2\/comments?post=12154"}],"version-history":[{"count":1,"href":"http:\/\/bauclassroom.com\/info\/wp-json\/wp\/v2\/posts\/12154\/revisions"}],"predecessor-version":[{"id":12155,"href":"http:\/\/bauclassroom.com\/info\/wp-json\/wp\/v2\/posts\/12154\/revisions\/12155"}],"wp:attachment":[{"href":"http:\/\/bauclassroom.com\/info\/wp-json\/wp\/v2\/media?parent=12154"}],"wp:term":[{"taxonomy":"category","embeddable":true,"href":"http:\/\/bauclassroom.com\/info\/wp-json\/wp\/v2\/categories?post=12154"},{"taxonomy":"post_tag","embeddable":true,"href":"http:\/\/bauclassroom.com\/info\/wp-json\/wp\/v2\/tags?post=12154"}],"curies":[{"name":"wp","href":"https:\/\/api.w.org\/{rel}","templated":true}]}}