{"id":12194,"date":"2020-10-18T13:32:57","date_gmt":"2020-10-18T13:32:57","guid":{"rendered":"http:\/\/bauclassroom.com\/info\/?p=12194"},"modified":"2020-10-06T22:27:28","modified_gmt":"2020-10-06T22:27:28","slug":"rencontre-jeunes-handicap","status":"publish","type":"post","link":"http:\/\/bauclassroom.com\/info\/2020\/10\/18\/rencontre-jeunes-handicap\/","title":{"rendered":"Rencontre Jeunes Handicap"},"content":{"rendered":"<p>Cependant, certains mat\u00e9riels de qualit\u00e9 co\u00fbtent cher comme un fauteuil roulant confortable qui nest pas du luxe quand vous y \u00eates assis toute la journ\u00e9e! Pourtant, la prise en charge financi\u00e8re par la S\u00e9curit\u00e9 sociale concerne un mat\u00e9riel de base. <img decoding=\"async\" src=\"http:\/\/pilau.fr\/wordpress\/wp-content\/uploads\/2015\/01\/invitation-rencontre-d%C3%A9dicace-300x212.jpg\" alt=\"rencontre jeunes handicap\" align=\"center\"> Tarif journalier dh\u00e9bergement : 58.87-Pour les moins de 60 ans : 77.23 Un mail avec le lien de reinitialisation de votre mot de passe a \u00e9t\u00e9 envoy\u00e9 \u00e0. Merci de v\u00e9rifiez votre boite mail. Un membre qui re\u00e7oit un message d\u00e9sagreable par le Chat peut dun clic alerter les mod\u00e9rateurs, sur www.ruelamome.fr consult\u00e9 le 8 janvier 2019. Les espaces web du P\u00f4le Jeune Public, de la saison Cirque M\u00e9diterran\u00e9e et de la biblioth\u00e8que Gatti fusionnent et deviennent Conform\u00e9ment au R\u00e8glement UE 2016679 relatif \u00e0 la protection des donn\u00e9es \u00e0 caract\u00e8re personnel, vous disposez des droits suivants sur vos donn\u00e9es : droit dacc\u00e8s, droit de rectification, droit \u00e0 leffacement droit \u00e0 loubli, droit dopposition, droit \u00e0 la limitation du traitement, droit \u00e0 la portabilit\u00e9. Vous pouvez \u00e9galement d\u00e9finir des directives relatives \u00e0 la conservation, \u00e0 leffacement et \u00e0 la communication de vos donn\u00e9es \u00e0 caract\u00e8re personnel apr\u00e8s votre d\u00e9c\u00e8s. Vas-y toi trouver une nana digne de ce nom qui veux bien tout plaquer pour se foutre avec un mec valide mais qui a une SEP!  Niveau dexp\u00e9rience : Exp\u00e9rience dans la fonction exig\u00e9e Ce projet avait pour but danalyser de mani\u00e8re globale, puis de mani\u00e8re plus fine, par type de handicap, les difficult\u00e9s rencontr\u00e9es par les personnes en situation de handicap dans les transports.  1\u00e8re table ronde : construire le projet dorientation Lou est un petit gar\u00e7on, n\u00e9 en 1998, est atteint dune maladie cong\u00e9nitale tr\u00e8s rare : le syndrome de dysplasie septo-optique, dit le Syndrome de Morsier. La rencontre sur le th\u00e8me : Vivre \u00e0 domicile : des conditions \u00e0 repenser? se tiendra les 14 et 15 octobre 2020 au Beffroi de Montrouge. Simone Berteaut, Piaf, r\u00e9cit, Paris, 1969 r\u00e9\u00e9dition 1993, 462 pages. X Une photo au format paysage ne pourra pas \u00eatre utilis\u00e9e comme photo de profil Le PPS Projet Personnalis\u00e9 de Scolarisation a \u00e9t\u00e9 mis en place par la loi de 2005. Dix ans plus tard, Moi m\u00eame handicap\u00e9 de naissance. Je connais et comprends la solitude de nombreux handicap\u00e9s. <img decoding=\"async\" src=\"http:\/\/img.youtube.com\/vi\/7HUdH9Q5nHE\/0.jpg\" alt=\"rencontre jeunes handicap\" align=\"right\"> Recevoir un email lorsquun commentaire est publi\u00e9 sur ce message. Apr\u00e8s ses annonces de lundi contre les violences polici\u00e8res, le ministre de lInt\u00e9rieur, Christophe Castaner, va.. Lassociation d\u00e9partementale APAJH de lEure est membre de la F\u00e9d\u00e9ration APAJH. Elle est compos\u00e9e de personnes en situation de handicap, de familles et de citoyens engag\u00e9s. Elle est anim\u00e9e par des b\u00e9n\u00e9voles. Son si\u00e8ge est situ\u00e9 \u00e0 Evreux. Elle milite pour: <img decoding=\"async\" src=\"http:\/\/img.over-blog-kiwi.com\/0\/99\/10\/38\/20151208\/ob_13d5d5_sn026.jpg\" alt=\"rencontre jeunes handicap\" align=\"center\"> Quels obstacles rencontrent ces familles? Il y a, dabord, les d\u00e9marches administratives truff\u00e9es de sigles, de dispositifs, de structures MDPH, CDAPH, PPS, PAI, PAP, ULIS une \u00e9tape n\u00e9cessaire pour se voir reconna\u00eetre ses droits, mais qui gagnerait \u00e0 \u00eatre plus lisible, souligne le m\u00e9diateur. Il y a, ensuite, les longs d\u00e9lais dattente pour pouvoir b\u00e9n\u00e9ficier dun accompagnement. En cause, des maisons d\u00e9partementales des personnes handicap\u00e9es MDPH qui croulent sous les dossiers \u00e0 traiter. Car ces structures, charg\u00e9es d\u00e9valuer les besoins et de d\u00e9finir des r\u00e9ponses adapt\u00e9es, ne re\u00e7oivent pas seulement des demandes de parents denfants handicap\u00e9s, mais aussi, de plus en plus, de parents denfants en difficult\u00e9 scolaire. .<\/p>\n","protected":false},"excerpt":{"rendered":"<p>rencontre jeunes handicap<\/p>\n","protected":false},"author":1,"featured_media":0,"comment_status":"closed","ping_status":"closed","sticky":false,"template":"","format":"standard","meta":{"footnotes":""},"categories":[1],"tags":[],"_links":{"self":[{"href":"http:\/\/bauclassroom.com\/info\/wp-json\/wp\/v2\/posts\/12194"}],"collection":[{"href":"http:\/\/bauclassroom.com\/info\/wp-json\/wp\/v2\/posts"}],"about":[{"href":"http:\/\/bauclassroom.com\/info\/wp-json\/wp\/v2\/types\/post"}],"author":[{"embeddable":true,"href":"http:\/\/bauclassroom.com\/info\/wp-json\/wp\/v2\/users\/1"}],"replies":[{"embeddable":true,"href":"http:\/\/bauclassroom.com\/info\/wp-json\/wp\/v2\/comments?post=12194"}],"version-history":[{"count":1,"href":"http:\/\/bauclassroom.com\/info\/wp-json\/wp\/v2\/posts\/12194\/revisions"}],"predecessor-version":[{"id":12195,"href":"http:\/\/bauclassroom.com\/info\/wp-json\/wp\/v2\/posts\/12194\/revisions\/12195"}],"wp:attachment":[{"href":"http:\/\/bauclassroom.com\/info\/wp-json\/wp\/v2\/media?parent=12194"}],"wp:term":[{"taxonomy":"category","embeddable":true,"href":"http:\/\/bauclassroom.com\/info\/wp-json\/wp\/v2\/categories?post=12194"},{"taxonomy":"post_tag","embeddable":true,"href":"http:\/\/bauclassroom.com\/info\/wp-json\/wp\/v2\/tags?post=12194"}],"curies":[{"name":"wp","href":"https:\/\/api.w.org\/{rel}","templated":true}]}}