{"id":123,"date":"2020-09-18T11:37:47","date_gmt":"2020-09-18T11:37:47","guid":{"rendered":"http:\/\/bauclassroom.com\/info\/?p=123"},"modified":"2020-09-18T10:03:07","modified_gmt":"2020-09-18T10:03:07","slug":"rencontre-de-la-chanson-val-cenis","status":"publish","type":"post","link":"http:\/\/bauclassroom.com\/info\/2020\/09\/18\/rencontre-de-la-chanson-val-cenis\/","title":{"rendered":"Rencontre De La Chanson Val Cenis"},"content":{"rendered":"<p>Les Gueules du si\u00e8cle dessins de ; textes de Laurent Gerra. Paris : \u00c9d. Hors collection, 1999, 144 p. En 2001, il retrouve Jean-Jacques Peroni sur, pour la chronique \u00c9lections matinales, avant de retourner, fin 2002, \u00e0 lOlympia. Nous esp\u00e9rons que chacun est bien rentr\u00e9 \u00e0 bon port. Un petit air de Vanoise a du sexporter dans bien des r\u00e9gions :-Aux M\u00e9nuires \u00e9galement, pour les jeunes de plus de 7 ans, la nouvelle collection de soins est disponible au Spa de lh\u00f4tel Kaya, qui avec sa gamme bio, propose des odeurs gourmandes et des sensations rigolotes. Une semaine ponctu\u00e9e par diff\u00e9rentes manifestations organis\u00e9es en collaboration avec Mountain Riders, avec comme animation phare le d\u00e9fi de la for\u00eat. En 2012, elle rentre dans l\u00e9quipe danimation One Dream One Event dirig\u00e9e par Emmanuel Attiach. Elle fait partie du jury en 2013 aux castings de la Nouvelle Star, o\u00f9 elle est \u00e9limin\u00e9e d\u00e8s la premi\u00e8re \u00e9tape des s\u00e9lections \u00e0 Marseille. La majeure partie de son territoire 686 hectares se situe en zone centrale du, premier parc national fran\u00e7ais, inaugur\u00e9 le 6 juillet 1963. <img decoding=\"async\" src=\"http:\/\/www.alain-dodeler.fr\/clients\/234\/fichiers\/photos\/21424.jpg\" alt=\"rencontre de la chanson val cenis\" align=\"center\"> Cr\u00e9\u00e9 par Canal Events, Warner 360 et Lagard\u00e8re Active, la 1ere \u00e9dition de ce festival unique en son genre proposera des concerts exceptionnels accessibles dans des lieux insolites au c\u0153ur du domaine skiable des Portes du Soleil. Avertis par SMS quelques heures avant le d\u00e9but du concert, les festivaliers se d\u00e9placeront skis aux pieds vers les sc\u00e8nes \u00e9ph\u00e9m\u00e8res o\u00f9 se produiront les meilleurs artistes pop-rock du moment. Vous pouvez acheter votre abonnement et billets dans tous les Offices de Tourisme de la Haute Maurienne Vanoise de 9h \u00e0 12h et de 14h \u00e0 18h30, du lundi au dimanche.  1989 : Paf dans la gueule!, premier spectacle de Laurent Gerra Vous ne pouvez apparement pas effectuer cette action.. Letar ni efter en personalpartner som arbetar med bemanning och rekryteringstj\u00e4nster s\u00e5 har ni hittat r\u00e4tt. West Work erbjuder skr\u00e4ddarsydda personall\u00f6sningar f\u00f6r f\u00f6retag och organisationer inom alla branscher och storlekar i Fyrbodalomr\u00e5det. Si vous avez dautres id\u00e9es pour am\u00e9liorer le site et son contenu.. Cette adresse e-mail est prot\u00e9g\u00e9e contre les robots spammeurs. Vous devez activer le JavaScript pour la visualiser.! <img decoding=\"async\" src=\"http:\/\/tsruepay.gq\/uploads\/elfinder\/Animations%20vacances\/bandeau-animations-%C3%A9t%C3%A9-2.jpg\" alt=\"rencontre de la chanson val cenis\" align=\"left\">  Soir\u00e9e de lancement du mod\u00e8le automobile Alfa Romeo 147, <img decoding=\"async\" src=\"http:\/\/www.durrantgs.tk\/wp-content\/uploads\/2018\/08\/mounir-mahjoubi-lrem-eu-disinfolab-reseaux-533x261.jpg\" alt=\"rencontre de la chanson val cenis\" align=\"center\"> LE RASSEMBLEMENT CITOYEN, ECOLOGIQUE ET SOLIDAIRE EELV et G. 6,25 15 voix 08 mars-Carnaval avec les enfants des \u00e9coles de Val-Cenis-Val-Cenis Vanoise  Voyage en voiture : Ajouter les frais kilom\u00e9triques P\u00e9age Essence AR 1 nuit \u00e0 lh\u00f4tel 3 D\u00e9jeuner ou Repas Petit d\u00e9j Personne. Un festival qui allie lhiver, la montagne et la chaleur dune ambiance festive au son de laccord\u00e9on. Une parade, des concerts et galas, une foire aux partitions, des rencontres Master Class et surtout des artistes heureux de partager des moments exceptionnels avec vous au coeur de ce village de caract\u00e8re quest Val Cenis Termignon. La musique, quelle effleura du bout des doigts il y a des ann\u00e9es, et qui devient r\u00e9alit\u00e9 pour elle en 2015 lorsquelle interpr\u00e8te deux titres de lalbum Les Gens dans lenveloppe \u00e9crits et compos\u00e9s par Alex Beaupain pour accompagner le live \u00e9ponyme dIsabelle Monnin. Music Hall, hommage \u00e0 la chanson fran\u00e7aise : Quand il est mort le po\u00e8te, Je suis venu te dire que je men vais, Les Feuilles mortes, Douce France, LItalien, Armstrong, Avec le temps, LAbsent.<\/p>\n","protected":false},"excerpt":{"rendered":"<p>rencontre de la chanson val cenis<\/p>\n","protected":false},"author":1,"featured_media":0,"comment_status":"closed","ping_status":"closed","sticky":false,"template":"","format":"standard","meta":{"footnotes":""},"categories":[1],"tags":[],"_links":{"self":[{"href":"http:\/\/bauclassroom.com\/info\/wp-json\/wp\/v2\/posts\/123"}],"collection":[{"href":"http:\/\/bauclassroom.com\/info\/wp-json\/wp\/v2\/posts"}],"about":[{"href":"http:\/\/bauclassroom.com\/info\/wp-json\/wp\/v2\/types\/post"}],"author":[{"embeddable":true,"href":"http:\/\/bauclassroom.com\/info\/wp-json\/wp\/v2\/users\/1"}],"replies":[{"embeddable":true,"href":"http:\/\/bauclassroom.com\/info\/wp-json\/wp\/v2\/comments?post=123"}],"version-history":[{"count":1,"href":"http:\/\/bauclassroom.com\/info\/wp-json\/wp\/v2\/posts\/123\/revisions"}],"predecessor-version":[{"id":124,"href":"http:\/\/bauclassroom.com\/info\/wp-json\/wp\/v2\/posts\/123\/revisions\/124"}],"wp:attachment":[{"href":"http:\/\/bauclassroom.com\/info\/wp-json\/wp\/v2\/media?parent=123"}],"wp:term":[{"taxonomy":"category","embeddable":true,"href":"http:\/\/bauclassroom.com\/info\/wp-json\/wp\/v2\/categories?post=123"},{"taxonomy":"post_tag","embeddable":true,"href":"http:\/\/bauclassroom.com\/info\/wp-json\/wp\/v2\/tags?post=123"}],"curies":[{"name":"wp","href":"https:\/\/api.w.org\/{rel}","templated":true}]}}