{"id":12400,"date":"2020-10-18T19:32:04","date_gmt":"2020-10-18T19:32:04","guid":{"rendered":"http:\/\/bauclassroom.com\/info\/?p=12400"},"modified":"2020-10-07T04:28:43","modified_gmt":"2020-10-07T04:28:43","slug":"rencontre-entre-handicape-valide","status":"publish","type":"post","link":"http:\/\/bauclassroom.com\/info\/2020\/10\/18\/rencontre-entre-handicape-valide\/","title":{"rendered":"Rencontre Entre Handicap\u00e9 Valide"},"content":{"rendered":"<p> Avant daborder le sujet du handicap, Mon partenaire particulier parle damour Monseigneur Aupetit qui accompagnait cette rencontre la affirm\u00e9 \u00e0 la fin des quatre jours : Vous \u00eates une bonne nouvelle pour l\u00c9glise! Soyez le sel de la terre. Le 26 octobre, les messagers de la d\u00e9l\u00e9gation tarnaise remettront \u00e0 Monseigneur Legrez un sac de sel, manifestant la saveur quils veulent donner \u00e0 la vie du dioc\u00e8se.  Je mappelle Cl\u00e9mence. Jai 25 ans. Je suis atteinte dune malformation cong\u00e9nitale appel\u00e9e Spina Bifida depuis la naissance. Ce site est fait pour vous pr\u00e9senter mon handicap, ma vie, mon combat. Il va permettre de mieux conna\u00eetre cette malformation et je lesp\u00e8re peut \u00eatre faire r\u00e9fl\u00e9chir sur ce mot si difficile \u00e0 dire : HANDICAP. \u00catre imp\u00e9rativement inscrit \u00e0 P\u00f4le emploi dans les 12 mois qui suivent la fin de votre contrat de travail ou accomplir une formation inscrite dans votre projet personnalis\u00e9 dacc\u00e8s \u00e0 lemploi PPAE. Jai valid\u00e9 un BTS ou un DUT et je souhaite poursuivre mes \u00e9tudes licence pro ou autre, dois-je minscrire sur Parcoursup? Ouvrir la rubrique Quand elles sinscrivent sur un site ou une appli pour faire des rencontres, les personnes en situation de handicap font souvent face \u00e0 des portes ferm\u00e9es et des insultes. Faut-il mentionner son handicap? Afficher son fauteuil sur sa photo de profil? Lib\u00e9ration a recueilli plusieurs t\u00e9moignages. <img decoding=\"async\" src=\"http:\/\/quintamadredeagua.pt\/wp-content\/uploads\/bons.jpg\" alt=\"rencontre entre handicap\u00e9 valide\" align=\"left\">-vous cliquez sur le bouton voir la fiche pour acc\u00e9der \u00e0 la fiche d\u00e9taill\u00e9e de la formation Maison de la R\u00e9gion, 61 La Canebi\u00e8re, CS 10009-13231 Marseille Cedex 01 <img decoding=\"async\" src=\"http:\/\/idata.over-blog.com\/4\/98\/15\/51\/Banniere-21-11-2014\/BAN_Blog900x196pxVOK.jpg\" alt=\"rencontre entre handicap\u00e9 valide\" align=\"right\"> Ce site respecte les principes de la charte HONcode. Site certifi\u00e9 en partenariat avec la Haute Autorit\u00e9 de Sant\u00e9 HAS. Cest vrai que \u00e7a a \u00e9t\u00e9 dur pour elle : lhomme avec qui elle vivait ne voulait pas de moi, il voulait me placer dans un centre. Aucune \u00e9cole publique ne voulait de moi, ma m\u00e8re a d\u00fb payer une \u00e9cole priv\u00e9e avec son seul salaire. Pratiquer ensemble et d\u00e9passer le handicap par le sport soupers rencontres rive sud emission m6 celibataire cherche grand amour site de rencontre dans le nord site de rencontre pour handicap\u00e9 et valide gratuit Mesures de soutien en faveur des h\u00f4tels, caf\u00e9s, restaurants, du secteur du tourisme, de l\u00e9v\u00e9nementiel, du sport et de la culture  je suis un jeune homme de 28 ans, je suis handicap\u00e9 en fauteuil! Je peux pas parler! je suis \u00e0 la recherche dune relation s\u00e9rieuse et durable avec un mec, max 32ans! Artiste photographe, je suis en train de pr\u00e9senter ma demander pour le Fonds de solidarit\u00e9 pour le mois davril. Suite \u00e0 la lecture de diff\u00e9rents articles en ligne, je suis un peu confus sur ce que je dois indiquer \u00e0 la case Nombre de salari\u00e9s en CDD ou CDI. Je nai \u00e9videmment pas de salari\u00e9s, mais apparemment il faudrait indiquer 1 car je serais moi-m\u00eame mon propre salari\u00e9 : est-ce-que cette information est correcte? <img decoding=\"async\" src=\"http:\/\/www.stasjh.tk\/19961-thickbox_default\/bracelet-cybele-jewelry-bead-charms-on-elastic-wire-new-collection-76141.jpg\" alt=\"rencontre entre handicap\u00e9 valide\" align=\"center\"> Broadcast Lite WordPress Theme lovingly built by. Le terme handicap est employ\u00e9 pour la premi\u00e8re fois en 1967 dans le Rapport Bloch-Lain\u00e9,,. Historiquement, les termes pr\u00e9c\u00e9demment utilis\u00e9s pour d\u00e9signer le handicap physique Infirme, Cagot, et pour le handicap mental cr\u00e9tin, idiot, imb\u00e9cile, d\u00e9bile, fou, sont regroup\u00e9s sous le terme g\u00e9n\u00e9rique m\u00e9dical d oligophr\u00e9nie, terme qui regroupe diff\u00e9rents types de handicap aujourdhui d\u00e9finis par les diff\u00e9rentes nomenclatures et.<\/p>\n","protected":false},"excerpt":{"rendered":"<p>rencontre entre handicap\u00e9 valide<\/p>\n","protected":false},"author":1,"featured_media":0,"comment_status":"closed","ping_status":"closed","sticky":false,"template":"","format":"standard","meta":{"footnotes":""},"categories":[1],"tags":[],"_links":{"self":[{"href":"http:\/\/bauclassroom.com\/info\/wp-json\/wp\/v2\/posts\/12400"}],"collection":[{"href":"http:\/\/bauclassroom.com\/info\/wp-json\/wp\/v2\/posts"}],"about":[{"href":"http:\/\/bauclassroom.com\/info\/wp-json\/wp\/v2\/types\/post"}],"author":[{"embeddable":true,"href":"http:\/\/bauclassroom.com\/info\/wp-json\/wp\/v2\/users\/1"}],"replies":[{"embeddable":true,"href":"http:\/\/bauclassroom.com\/info\/wp-json\/wp\/v2\/comments?post=12400"}],"version-history":[{"count":1,"href":"http:\/\/bauclassroom.com\/info\/wp-json\/wp\/v2\/posts\/12400\/revisions"}],"predecessor-version":[{"id":12401,"href":"http:\/\/bauclassroom.com\/info\/wp-json\/wp\/v2\/posts\/12400\/revisions\/12401"}],"wp:attachment":[{"href":"http:\/\/bauclassroom.com\/info\/wp-json\/wp\/v2\/media?parent=12400"}],"wp:term":[{"taxonomy":"category","embeddable":true,"href":"http:\/\/bauclassroom.com\/info\/wp-json\/wp\/v2\/categories?post=12400"},{"taxonomy":"post_tag","embeddable":true,"href":"http:\/\/bauclassroom.com\/info\/wp-json\/wp\/v2\/tags?post=12400"}],"curies":[{"name":"wp","href":"https:\/\/api.w.org\/{rel}","templated":true}]}}