{"id":12424,"date":"2020-10-19T10:23:30","date_gmt":"2020-10-19T10:23:30","guid":{"rendered":"http:\/\/bauclassroom.com\/info\/?p=12424"},"modified":"2020-10-07T05:08:46","modified_gmt":"2020-10-07T05:08:46","slug":"quand-deux-dictateur-se-rencontrent","status":"publish","type":"post","link":"http:\/\/bauclassroom.com\/info\/2020\/10\/19\/quand-deux-dictateur-se-rencontrent\/","title":{"rendered":"Quand Deux Dictateur Se Rencontrent"},"content":{"rendered":"<p>\u00e9conomie du bonheur : ici, organisation du bonheur. Le, Mussolini invite les socialistes, dans un article du Il Popolo dItalia, \u00e0 un pacte de pacification pour la cessation des violences squadristes, sign\u00e9 le gr\u00e2ce \u00e0 la m\u00e9diation du pr\u00e9sident de la Chambre. La violence ne cesse pas parce que lex\u00e9cution de laccord est laiss\u00e9e \u00e0 la discr\u00e9tion des ras locaux. Mussolini est tent\u00e9 par lid\u00e9e dune normalisation et par le jeu parlementaire. Cependant, ce projet suscite la r\u00e9volte des ras, les chefs locaux du, qui le contraignent \u00e0 durcir sa position et jouent alors un r\u00f4le d\u00e9cisif dans l\u00e9tablissement de la dictature. \u00c0 propos de lautonomie dont b\u00e9n\u00e9ficient les groupes squadristi, rapporte que le futur duce entre en d\u00e9saccord avec certains membres qui mettent en doute son r\u00f4le de guide du mouvement et qui nacceptent pas la volont\u00e9 mussolinienne de pr\u00e9senter celui-ci comme normalisateur de lordre public. Embl\u00e9matique de ce point de vue, selon De Felice, lorsque Mussolini \u00e9crit : Le fascisme peut faire sans moi? Mais moi aussi, je peux faire sans le fascisme. Ind\u00e9pendamment de la r\u00e9pression de ses opposants, le squadrisme contribua \u00e0 la mise en place du r\u00e9gime fasciste aux niveaux syndical et politique : Nous sommes incit\u00e9s \u00e0 penser le langage comme une simple technique dexpression, or nous ne r\u00e9alisons pas que dans un premier lieu le langage est une classification et un arrangement du flux de nos exp\u00e9riences sensorielles qui r\u00e9sultent dun certain ordre du monde, un certain segment du monde qui est facilement exprim\u00e9 par le type de signification symbolique que le langage emploie. Le prix du cours sur Pri\u00e8re et je\u00fbne inclut les repas. Parmi les nombreux t\u00e9moins, le journaliste est pr\u00e9sent. Samedi dernier, des f\u00eates sauvages ont eu lieu \u00e0 et \u00e0. Pendant qu\u00e0 Berne, entre 10 000 et 18 000 personnes ont fait la f\u00eate au milieu du centre-ville, entre 1000 et 2000 personnes ont occup\u00e9 un ancien site industriel \u00e0 B\u00e2le. Cet \u00e9l\u00e8ve travaille bien, quand il est sous surveillance permanente. Avec : Alain Carbonnel, Delphine Dey, Maria Teresa Fereira, L\u00e9o Frati, St\u00e9phanie Marco et Solange Wotkiewicz Etant mis au courant en 1943 des atrocit\u00e9s nazis commises \u00e0 lEst contre les Juifs, Mussolini ordonne de nouveau de ne pas livrer un seul des 25 000 Juifs qui se trouvent dans sa zone doccupation : ainsi, les autorit\u00e9s militaires italiennes qui occupent le sud-est de la France prot\u00e8gent autant les Juifs fran\u00e7ais qu\u00e9trangers contre les mesures de, et elles emp\u00eachent, au besoin par la force, leurs arrestations. Cette attitude sera \u00e9galement suivie dans les, o\u00f9 les Italiens ont, le plus souvent possible, prot\u00e9g\u00e9 les Juifs contre les Allemands. Le th\u00e8me de lusine des Forges de lAdour \u00e0 Tarnos. Celui-ci a surgi naturellement \u00e0 loccasion de linauguration \u00e0 Tarnos en d\u00e9cembre 2012, \u00e0 la, dune installation num\u00e9rique.Cette structure artistique et num\u00e9rique r\u00e9sultait dun travail sur la m\u00e9moire ouvri\u00e8re de Tarnos, men\u00e9 lann\u00e9e pr\u00e9c\u00e9dente en partenariat avec lassociation, et notamment le p\u00f4le jeunesse et le centre de loisirs de la ville, des jeunes ayant \u00e9t\u00e9 impliqu\u00e9s dans le projet. Larticle na pas \u00e9t\u00e9 envoy\u00e9-V\u00e9rifiez vos adresses e-mail!  La France accueille les r\u00e9fugi\u00e9s alg\u00e9riens, surtout les pieds-noirs et les fakirs. Eduardo Manet, Quand deux dictateurs se rencontrent incipit, Actes Sud-Papiers, 1996. COURNOT, Essai sur les fondements de la connaissance et sur les caract\u00e8res de la critique philosophique. Vous me demandez de vous donner mon accord sur les termes de votre lettre; or, cette lettre je ne lai jamais re\u00e7ue. Comment voulez-vous que je vous donne mon accord sur le contenu dune lettre que je nai jamais re\u00e7ue? Je ne suis pas contre, mais je ne suis pas pour non plus. Comprenez-moi: quand on cause, il faut savoir de quoi on parle. <img decoding=\"async\" src=\"http:\/\/cdn.gamingcloud.com\/img\/general\/dlgames\/screenshots\/25671_2.jpg\" alt=\"quand deux dictateur se rencontrent\" align=\"center\"> Juste un conseil de ce fait: regardez o\u00f9 vous posez vos fesses Ce contenu a bien \u00e9t\u00e9 ajout\u00e9 \u00e0 vos favoris dans votre profil! Voir mes favoris <img decoding=\"async\" src=\"http:\/\/img.src.ca\/2014\/10\/04\/635x357\/141004_ab3ko_duvalier-jean-claude_sn635.jpg\" alt=\"quand deux dictateur se rencontrent\" align=\"center\"> Hein, hein, quand il y aura des accompagnements l\u00e0-dessous, nous verrons encore, messieurs de la cabale 9, si je ne sais ce que je dis. Il aper\u00e7oit le Comte. Jai vu cet abb\u00e9-l\u00e0 10 quelque part. Il se rel\u00e8ve. Musset : On ne badine pas avec lamour&#8212;-.  S. Denise and. La, lecture-spectacle dans lentre-deux de l\u00e9criture et de la repr\u00e9sentation sc\u00e9nique, \u00c9tudes Th\u00e9\u00e2trales, pp. 24-25 <img decoding=\"async\" src=\"http:\/\/www.pointdevue.fr\/sites\/pointdevue.fr\/files\/images\/gettyimages-545345359.jpg\" alt=\"quand deux dictateur se rencontrent\" align=\"right\"> A.V. Dicey, Introduction, op. Cit, ch. VIII, p 185. Oups, veuillez renseigner une adresse email valide Th\u00e8mes D\u00e9couverte et cultures du monde, environnement, m\u00e9t\u00e9o Concept Pr\u00e9sentation des pr\u00e9visions m\u00e9t\u00e9orologiques du monde d\u00e9coup\u00e9 en sept grandes r\u00e9gions. Contenu Dur\u00e9e totale : 2 mn 15 s. Est pr\u00e9sent\u00e9e .<\/p>\n","protected":false},"excerpt":{"rendered":"<p>quand deux dictateur se rencontrent<\/p>\n","protected":false},"author":1,"featured_media":0,"comment_status":"closed","ping_status":"closed","sticky":false,"template":"","format":"standard","meta":{"footnotes":""},"categories":[1],"tags":[],"_links":{"self":[{"href":"http:\/\/bauclassroom.com\/info\/wp-json\/wp\/v2\/posts\/12424"}],"collection":[{"href":"http:\/\/bauclassroom.com\/info\/wp-json\/wp\/v2\/posts"}],"about":[{"href":"http:\/\/bauclassroom.com\/info\/wp-json\/wp\/v2\/types\/post"}],"author":[{"embeddable":true,"href":"http:\/\/bauclassroom.com\/info\/wp-json\/wp\/v2\/users\/1"}],"replies":[{"embeddable":true,"href":"http:\/\/bauclassroom.com\/info\/wp-json\/wp\/v2\/comments?post=12424"}],"version-history":[{"count":1,"href":"http:\/\/bauclassroom.com\/info\/wp-json\/wp\/v2\/posts\/12424\/revisions"}],"predecessor-version":[{"id":12425,"href":"http:\/\/bauclassroom.com\/info\/wp-json\/wp\/v2\/posts\/12424\/revisions\/12425"}],"wp:attachment":[{"href":"http:\/\/bauclassroom.com\/info\/wp-json\/wp\/v2\/media?parent=12424"}],"wp:term":[{"taxonomy":"category","embeddable":true,"href":"http:\/\/bauclassroom.com\/info\/wp-json\/wp\/v2\/categories?post=12424"},{"taxonomy":"post_tag","embeddable":true,"href":"http:\/\/bauclassroom.com\/info\/wp-json\/wp\/v2\/tags?post=12424"}],"curies":[{"name":"wp","href":"https:\/\/api.w.org\/{rel}","templated":true}]}}