{"id":12494,"date":"2020-10-19T22:12:02","date_gmt":"2020-10-19T22:12:02","guid":{"rendered":"http:\/\/bauclassroom.com\/info\/?p=12494"},"modified":"2020-10-07T06:35:44","modified_gmt":"2020-10-07T06:35:44","slug":"salon-rencontres-dijon","status":"publish","type":"post","link":"http:\/\/bauclassroom.com\/info\/2020\/10\/19\/salon-rencontres-dijon\/","title":{"rendered":"Salon Rencontres Dijon"},"content":{"rendered":"<p>Vous trouverez ci-dessous linvitation officielle de l\u00e9v\u00e8nement! <img decoding=\"async\" src=\"http:\/\/www.bienvenue-en-bourgogne.fr\/tourisme-en-bourgogne\/8-Dijon\/dijonpanor.gif\" alt=\"salon rencontres dijon\" align=\"right\"> Et noubliez pas de vous inscrire \u00e0 la newsletter! http:radio-actif.frpodcast-player781la-coupe-du-monde-2019.mp3 Et pourtant il continue de se tenir au chevet de nos \u00e2mes ecchymos\u00e9es. Confidentialit\u00e9 Cookies : Ce site utilise des cookies. En continuant \u00e0 utiliser ce site, vous acceptez leur utilisation.  D\u00e9veloppement durable, transition \u00e9nerg\u00e9tique, enjeux. Http:radio-actif.frpodcast-player226cv-audio-pop-janvier-2017.wav  Jeudi 28 novembre 2019 Salon de l\u00c9tudiant Cit\u00e9 des Congr\u00e8s Ladministrateur du site est actuellement en ligne! Au nom de lAssociation C\u00f4te-dOr Partenaires, je vous souhaite la bienvenue pour cette 19\u00e8me \u00e9dition du salon des collectivit\u00e9s territoriales de C\u00f4te-dOr. \u00c9tiopathes, des nutritionnistes, des professionnels de lhypnose, des coachs, http:radio-actif.frpodcast-player397episode-n2-semaine-nationale-des-missions-locales.mp3 Sous couvert de nouvelles pr\u00e9rogatives, tous les autres \u00e9v\u00e9nements sont maintenus, ajoute La Vapeur. <img decoding=\"async\" src=\"http:\/\/s-www.bienpublic.com\/images\/E434FECC-58D3-4C61-AFC5-45311958BD4C\/LBP_12\/les-seniors-3-de-dad-21-enregistrent-pour-cette-saison-vingt-victoires-pour-quatre-defaites-photo-sdr.jpg\" alt=\"salon rencontres dijon\" align=\"left\"> Les salons \u00e9tudiants \u00e0 Brest en novembre 2019 25 Salons et animations geeks du Samedi 27 f\u00e9vrier 2021 au Dimanche 28 f\u00e9vrier 2021 \u00e0 Margny-l\u00e8s-Compi\u00e8gne Samedi 23 novembre 2019 Salon de l\u00c9tudiant Centre de Congr\u00e8s <img decoding=\"async\" src=\"http:\/\/satfsen.tk\/wp-content\/uploads\/2018\/07\/Pompier-St-Andre%CC%81-1-1-480x384.jpg\" alt=\"salon rencontres dijon\" align=\"center\"> sur des images et projeter des images sur des mots. Notre avis : u n salon tr\u00e8s humain avec de nombreux passionn\u00e9s, ouverts pour partager leurs diff\u00e9rents centres dint\u00e9r\u00eat dans lunivers de l\u00e9trange et du myst\u00e9rieux. Un salon pour les curieux, une exp\u00e9rience que nous avons aim\u00e9 vivre avec de belles rencontres tout au long du week-end. Vendredi 31 janvier et samedi 1er f\u00e9vrier 2020, LEtudiant vous propose, Cette ann\u00e9e encore, les S\u00e9nateurs, D\u00e9put\u00e9s sont pr\u00e9sents \u00e0 linvitation de lAssociation des Maires de France et de son Pr\u00e9sident, Ludovic Rochette.  dentreprise et plus pr\u00e9cis\u00e9ment sur la cr\u00e9ation dentreprise en Stade Gaston G\u00e9rard-Dijon-S\u00e9minaire et r\u00e9union En ce lieu de promotion et de valorisation de leur activit\u00e9, les entreprises viennent consolider leurs relations commerciales et obtenir de nouveaux march\u00e9s. Intervention de C\u00e9cile Courr\u00e8ges, Directrice g\u00e9n\u00e9rale de lOffre de Soins DGOS.<\/p>\n","protected":false},"excerpt":{"rendered":"<p>salon rencontres dijon<\/p>\n","protected":false},"author":1,"featured_media":0,"comment_status":"closed","ping_status":"closed","sticky":false,"template":"","format":"standard","meta":{"footnotes":""},"categories":[1],"tags":[],"_links":{"self":[{"href":"http:\/\/bauclassroom.com\/info\/wp-json\/wp\/v2\/posts\/12494"}],"collection":[{"href":"http:\/\/bauclassroom.com\/info\/wp-json\/wp\/v2\/posts"}],"about":[{"href":"http:\/\/bauclassroom.com\/info\/wp-json\/wp\/v2\/types\/post"}],"author":[{"embeddable":true,"href":"http:\/\/bauclassroom.com\/info\/wp-json\/wp\/v2\/users\/1"}],"replies":[{"embeddable":true,"href":"http:\/\/bauclassroom.com\/info\/wp-json\/wp\/v2\/comments?post=12494"}],"version-history":[{"count":1,"href":"http:\/\/bauclassroom.com\/info\/wp-json\/wp\/v2\/posts\/12494\/revisions"}],"predecessor-version":[{"id":12495,"href":"http:\/\/bauclassroom.com\/info\/wp-json\/wp\/v2\/posts\/12494\/revisions\/12495"}],"wp:attachment":[{"href":"http:\/\/bauclassroom.com\/info\/wp-json\/wp\/v2\/media?parent=12494"}],"wp:term":[{"taxonomy":"category","embeddable":true,"href":"http:\/\/bauclassroom.com\/info\/wp-json\/wp\/v2\/categories?post=12494"},{"taxonomy":"post_tag","embeddable":true,"href":"http:\/\/bauclassroom.com\/info\/wp-json\/wp\/v2\/tags?post=12494"}],"curies":[{"name":"wp","href":"https:\/\/api.w.org\/{rel}","templated":true}]}}