{"id":12572,"date":"2020-10-19T08:29:58","date_gmt":"2020-10-19T08:29:58","guid":{"rendered":"http:\/\/bauclassroom.com\/info\/?p=12572"},"modified":"2020-10-07T08:59:23","modified_gmt":"2020-10-07T08:59:23","slug":"ime-la-rencontre-versailles","status":"publish","type":"post","link":"http:\/\/bauclassroom.com\/info\/2020\/10\/19\/ime-la-rencontre-versailles\/","title":{"rendered":"Ime La Rencontre Versailles"},"content":{"rendered":"<p>Un smoothie litt\u00e9ralement un onctueux ou frapp\u00e9 aux fruits1 est un type de boisson r\u00e9alis\u00e9e \u00e0 partir de fruits et des l\u00e9gumes mix\u00e9s, parfois m\u00e9lang\u00e9s \u00e0 des jus de fruits, Le terme fran\u00e7ais frapp\u00e9 insiste sur la fra\u00eecheur du produit alors que le terme anglais smoothie insiste sur son onctuosit\u00e9. Le bilan de ces \u00e9changes est tr\u00e8s positif, vraiment enrichissants pour tout le monde. Acc\u00e9dez aux donn\u00e9es historiques en illimit\u00e9 et sans publicit\u00e9. La CHL-Coordination Handicap Locale de Grand Versailles a d\u00e9m\u00e9nag\u00e9 au 147 rue Yves le Coz \u00e0 Versailles-t\u00e9l. 01 30 84 13 70-courriel : chlgrandversaillesmdph.yvelines.fr Concernant les envois de dossiers dusagers et autres pi\u00e8ces justificatives les envoyer imp\u00e9rativement \u00e0 ladresse postale : MDPH 78-TSA 60 100-78539 BUC Cedex 12 octobre : Op\u00e9ration BRIOCHES. Des d\u00e9tails sur le lieu vous seront donn\u00e9s plus tard mais, comme dhabitude, nous avons besoin de vous pour vendre etou acheter. Deuxi\u00e8me quinzaine de novembre : une r\u00e9union \u00e0 l\u00e9chelon d\u00e9partemental aura lieu concernant la transmission de patrimoine, faisant suite \u00e0 la r\u00e9union davril sur les ressources des personnes handicap\u00e9es <img decoding=\"async\" src=\"http:\/\/scheybeler.com\/wp-content\/uploads\/2013\/11\/Mobile_7.png\" alt=\"ime la rencontre versailles\" align=\"left\"> Lop\u00e9ration r\u00e9unit pr\u00e9s de 150 participants issus dune dizaine dIME. Chaussures Tamaris: Des looks \u00e0 la mode pour des silhouettes normalesclassiques Il y a eu beaucoup dactivit\u00e9s ces derni\u00e8res semaines au sein des \u00e9tablissements de lAPEIS! Certains r\u00e9sidents savent faire du v\u00e9lo, mais tous ne connaissent pas toutes les r\u00e8gles qui sappliquent sur les routes-Favorisons les activit\u00e9s culturelles, sportives et artistiques Merci pour votre inscription, nous vous enverrons les informations de mise \u00e0 jour pour la soci\u00e9t\u00e9 \u00e0 ladresse. Un engagement commun pour renforcer la mobilisation en faveur de lautonomie et de la pleine participation des personnes handicap\u00e9es \u00e0 l\u00e9chelle de lUnion europ\u00e9enne. MusiqueHandicap 2018-Site r\u00e9alis\u00e9 par Ad\u00e8le FOURCADE  Envie de d\u00e9couvrir lInstitut Catholique de Paris de lint\u00e9rieur depuis son ordinateur, sa tablette ou son t\u00e9l\u00e9phone portable? Cest d\u00e9sormais possible!  <img decoding=\"async\" src=\"http:\/\/www.aalto.fi\/en\/midcom-serveattachmentguid-1e8b1a08d128fa8b1a011e8b4bb11069b52862e862e\/aalto_university_vare_artworks_insight_3-9-2018_photo_mikko_raskinen_004_1500x430_en_en.jpg\" alt=\"ime la rencontre versailles\" align=\"center\"> Vous pouvez conserver les r\u00e9sultats de vos diff\u00e9rentes recherches en les enregistrant dans le panier. Les terrasses sont de retour! Cest le moment de profiter des beaux jours sur la capitale. Petit coin de verdure, vue imprenable sur les toits de paris ou lieux secrets, d\u00e9couvrez le guide des terrasses parisiennes! <img decoding=\"async\" src=\"http:\/\/www.clg-malraux-asnieres.ac-versailles.fr\/IMG\/png\/horaires_2.png\" alt=\"ime la rencontre versailles\" align=\"center\"> Sgen-CFDT-79, rue Euryale Dehaynin-75019 PARIS Tel : 01.42.03.88.86 Mail : parissgen.cfdt.fr 20 mars 2011 16\u00e8me journ\u00e9e des Fr\u00e8res et S\u0153urs dune personne malade ou handicap\u00e9e, organis\u00e9e par lOCH Office Chr\u00e9tien des Personnes Handicap\u00e9es au Lyc\u00e9e Franklin-12 rue Benjamin Franklin-75016 Paris-m\u00e9tro Passy. Inscription au 01 53 69 44 30 Participation au bureau d\u00e9partemental de lassociation d\u00e9partementale sur le th\u00e8me particulier de notre organisation et des espaces g\u00e9ographiques gestionnaires \u00e0 partir dun dossier particulier Gers. Qui va expliquer, aux instances de d\u00e9cision la dure r\u00e9alit\u00e9 de nos vies de parents denfants handicap\u00e9s? Enfants et adolescents en situation de handicap moteur : infirmes moteurs c\u00e9r\u00e9braux, polyhandicap\u00e9s, handicap\u00e9s physiques avec ou sans troubles associ\u00e9s d\u00e9ficiences cognitives etou sensorielles G\u00eete ind\u00e9pendant \u00e0 proximit\u00e9 de la maison des propri\u00e9taires. Pour le bonheur des petits comme des grands, \u00e0 votre disposition du 07 avril au 03 novembre une piscine 10mx4.50m, profondeur 1.50m privative couverte par un abri haut 14m x 7.30m et chauff\u00e9e \u00e0 28. Et, apr\u00e8s la baignade vous appr\u00e9cierez lespace d\u00e9tente bien \u00eatre situ\u00e9 dans le g\u00eete \u00e9quip\u00e9e dun SPA et dun sauna \u00e0 infrarouge. Au rez de chauss\u00e9e vous trouverez une cuisine ouverte sur le s\u00e9jour et un salon avec chemin\u00e9e, une chambre 1 lit 2 places de grande dimension 160&#215;200 avec salle deau privative, une buanderie et des wc. A l\u00e9tage une deuxi\u00e8me chambre avec un lit deux places de grande dimension 160&#215;200 et une derni\u00e8re avec 2 lits 1 place 90&#215;200, wc, salle de bains avec s\u00e8che cheveux. A lext\u00e9rieur,carport voiture,local \u00e0 v\u00e9los, jardin, terrasse avec salon de jardin et barbecue, balan\u00e7oire. Les plus : v\u00e9los \u00e0 disposition, lits faits \u00e0 larriv\u00e9e, WIFI Pour ralentir la progression de l\u00e9pid\u00e9mie de Coronavirus Covid19 qui touche actuellement la France, le Gouvernement a d\u00e9clench\u00e9, lundi 16 mars, un dispositif de confinement sur lensemble du territoire pour quinze jours minimum. Madame Nicole Belloubet, Garde des Sceaux, a annonc\u00e9 la fermeture des tribunaux sauf pour le traitement des contentieux essentiels, parmi lesquels les audiences des juges de tribunaux pour enfants, qui seront donc maintenues. Rencontres IME et lyc\u00e9e h\u00f4telier-H\u00f4tellerie-Restauration  AVENIR SANT\u00c9 MUTUELLE sengage avec la Croix-Rouge Fran\u00e7aise.<\/p>\n","protected":false},"excerpt":{"rendered":"<p>ime la rencontre versailles<\/p>\n","protected":false},"author":1,"featured_media":0,"comment_status":"closed","ping_status":"closed","sticky":false,"template":"","format":"standard","meta":{"footnotes":""},"categories":[1],"tags":[],"_links":{"self":[{"href":"http:\/\/bauclassroom.com\/info\/wp-json\/wp\/v2\/posts\/12572"}],"collection":[{"href":"http:\/\/bauclassroom.com\/info\/wp-json\/wp\/v2\/posts"}],"about":[{"href":"http:\/\/bauclassroom.com\/info\/wp-json\/wp\/v2\/types\/post"}],"author":[{"embeddable":true,"href":"http:\/\/bauclassroom.com\/info\/wp-json\/wp\/v2\/users\/1"}],"replies":[{"embeddable":true,"href":"http:\/\/bauclassroom.com\/info\/wp-json\/wp\/v2\/comments?post=12572"}],"version-history":[{"count":1,"href":"http:\/\/bauclassroom.com\/info\/wp-json\/wp\/v2\/posts\/12572\/revisions"}],"predecessor-version":[{"id":12573,"href":"http:\/\/bauclassroom.com\/info\/wp-json\/wp\/v2\/posts\/12572\/revisions\/12573"}],"wp:attachment":[{"href":"http:\/\/bauclassroom.com\/info\/wp-json\/wp\/v2\/media?parent=12572"}],"wp:term":[{"taxonomy":"category","embeddable":true,"href":"http:\/\/bauclassroom.com\/info\/wp-json\/wp\/v2\/categories?post=12572"},{"taxonomy":"post_tag","embeddable":true,"href":"http:\/\/bauclassroom.com\/info\/wp-json\/wp\/v2\/tags?post=12572"}],"curies":[{"name":"wp","href":"https:\/\/api.w.org\/{rel}","templated":true}]}}